{"id":206550,"date":"2021-11-22T07:41:34","date_gmt":"2021-11-22T05:41:34","guid":{"rendered":"http:\/\/107.6.182.27\/es\/?p=206550"},"modified":"2023-01-12T14:39:48","modified_gmt":"2023-01-12T12:39:48","slug":"decenas-de-palestinos-asfixiados-por-represion-de-israel-en-el-centro-de-hebron","status":"publish","type":"post","link":"https:\/\/archive.sana.sy\/es\/?p=206550","title":{"rendered":"Decenas de palestinos asfixiados por represi\u00f3n de \u201cIsrael\u201d en el centro de Hebr\u00f3n"},"content":{"rendered":"<p style=\"text-align: justify;\"><span style=\"color: #800000;\"><strong>Jerusal\u00e9n ocupada, 22 nov (SANA)\u00a0<\/strong> \u00a0<\/span> Las fuerzas de ocupaci\u00f3n israel\u00edes asaltaron al \u00e1rea de Bab al-Zawiya en el centro de la ciudad de Hebr\u00f3n en Cisjordania.<\/p>\n<p style=\"text-align: justify;\">Seg\u00fan reportes de la agencia palestina Wafa, los militares sionistas atacaron los palestinos con balas reales y botes de gas lacrim\u00f3geno, provocando la asfixia de decenas de ellos.<\/p>\n<p style=\"text-align: justify;\">Asimismo, varios palestinos resultaron heridos en semejante ataque de las tropas de ocupaci\u00f3n israel\u00edes al oeste de Jenin, Cisjordania.<\/p>\n<p><strong><span style=\"color: #0000ff;\">fm\/ed<\/span><\/strong><\/p>\n","protected":false},"excerpt":{"rendered":"<p>Jerusal\u00e9n ocupada, 22 nov (SANA)\u00a0 \u00a0 Las fuerzas de ocupaci\u00f3n israel\u00edes asaltaron al \u00e1rea de Bab al-Zawiya en el centro de la ciudad de Hebr\u00f3n en Cisjordania. Seg\u00fan reportes de la agencia palestina Wafa, los militares sionistas atacaron los palestinos con balas reales y botes de gas lacrim\u00f3geno, provocando la asfixia de decenas de ellos. &hellip;<\/p>\n","protected":false},"author":32,"featured_media":206551,"comment_status":"closed","ping_status":"closed","sticky":false,"template":"","format":"standard","meta":{"footnotes":""},"categories":[597,456,7541],"tags":[9074,20193,10660],"class_list":["post-206550","post","type-post","status-publish","format-standard","has-post-thumbnail","","category-cinta-de-noticias","category-arabe-internacional-politica","category-ultimas-noticias","tag-cisjordania","tag-jenin","tag-jerusalen-ocupada"],"_links":{"self":[{"href":"https:\/\/archive.sana.sy\/es\/index.php?rest_route=\/wp\/v2\/posts\/206550"}],"collection":[{"href":"https:\/\/archive.sana.sy\/es\/index.php?rest_route=\/wp\/v2\/posts"}],"about":[{"href":"https:\/\/archive.sana.sy\/es\/index.php?rest_route=\/wp\/v2\/types\/post"}],"author":[{"embeddable":true,"href":"https:\/\/archive.sana.sy\/es\/index.php?rest_route=\/wp\/v2\/users\/32"}],"replies":[{"embeddable":true,"href":"https:\/\/archive.sana.sy\/es\/index.php?rest_route=%2Fwp%2Fv2%2Fcomments&post=206550"}],"version-history":[{"count":0,"href":"https:\/\/archive.sana.sy\/es\/index.php?rest_route=\/wp\/v2\/posts\/206550\/revisions"}],"wp:featuredmedia":[{"embeddable":true,"href":"https:\/\/archive.sana.sy\/es\/index.php?rest_route=\/wp\/v2\/media\/206551"}],"wp:attachment":[{"href":"https:\/\/archive.sana.sy\/es\/index.php?rest_route=%2Fwp%2Fv2%2Fmedia&parent=206550"}],"wp:term":[{"taxonomy":"category","embeddable":true,"href":"https:\/\/archive.sana.sy\/es\/index.php?rest_route=%2Fwp%2Fv2%2Fcategories&post=206550"},{"taxonomy":"post_tag","embeddable":true,"href":"https:\/\/archive.sana.sy\/es\/index.php?rest_route=%2Fwp%2Fv2%2Ftags&post=206550"}],"curies":[{"name":"wp","href":"https:\/\/api.w.org\/{rel}","templated":true}]}}