{"id":20664,"date":"2015-04-03T17:26:09","date_gmt":"2015-04-03T14:26:09","guid":{"rendered":"http:\/\/www.sana.sy\/es\/?p=20664"},"modified":"2015-04-03T17:29:16","modified_gmt":"2015-04-03T14:29:16","slug":"detenidos-mas-de-13-traficantes-de-drogas-en-damasco-y-su-campina","status":"publish","type":"post","link":"https:\/\/archive.sana.sy\/es\/?p=20664","title":{"rendered":"Detenidos 13 traficantes de drogas en Damasco y su campi\u00f1a"},"content":{"rendered":"<p style=\"text-align: justify\"><span style=\"color: #0000ff\">Damasco-Campo<\/span><\/p>\n<p>El Departamento de Lucha contra la droga\u00a0 detuvo a 13 traficantes\u00a0 de drogas en la ciudad y en\u00a0 el campo de Damasco seg\u00fan inform\u00f3\u00a0 una fuente del Ministerio del Interior.<\/p>\n<p>La fuente le inform\u00f3\u00a0 a SANA que 15 kg de hach\u00eds,\u00a0 560 gramos de hero\u00edna, y 367 pastillas de otras sustancias estupefacientes fueron incautados en posesi\u00f3n de las personas detenidas.<\/p>\n<p>El 25 de marzo, el Departamento detuvo a dos traficantes de drogas en la ciudad de Damasco y se apoderaron de 5 kg de hach\u00eds que ten\u00edan en su posesi\u00f3n.<\/p>\n<p><span style=\"color: #800000\">M.Miri<\/span><\/p>\n","protected":false},"excerpt":{"rendered":"<p>Damasco-Campo El Departamento de Lucha contra la droga\u00a0 detuvo a 13 traficantes\u00a0 de drogas en la ciudad y en\u00a0 el campo de Damasco seg\u00fan inform\u00f3\u00a0 una fuente del Ministerio del Interior. La fuente le inform\u00f3\u00a0 a SANA que 15 kg de hach\u00eds,\u00a0 560 gramos de hero\u00edna, y 367 pastillas de otras sustancias estupefacientes fueron incautados &hellip;<\/p>\n","protected":false},"author":1,"featured_media":20665,"comment_status":"closed","ping_status":"closed","sticky":false,"template":"","format":"standard","meta":{"footnotes":""},"categories":[477,476],"tags":[4698,4697],"class_list":["post-20664","post","type-post","status-publish","format-standard","has-post-thumbnail","","category-noticias-edulcorantes","category-locales","tag-detenidos-13-traficantes-de-drogas-en-damasco-y-su-campina","tag-detenidos-mas-de-13-traficantes-de-drogas-en-damasco-y-su-campina"],"_links":{"self":[{"href":"https:\/\/archive.sana.sy\/es\/index.php?rest_route=\/wp\/v2\/posts\/20664"}],"collection":[{"href":"https:\/\/archive.sana.sy\/es\/index.php?rest_route=\/wp\/v2\/posts"}],"about":[{"href":"https:\/\/archive.sana.sy\/es\/index.php?rest_route=\/wp\/v2\/types\/post"}],"author":[{"embeddable":true,"href":"https:\/\/archive.sana.sy\/es\/index.php?rest_route=\/wp\/v2\/users\/1"}],"replies":[{"embeddable":true,"href":"https:\/\/archive.sana.sy\/es\/index.php?rest_route=%2Fwp%2Fv2%2Fcomments&post=20664"}],"version-history":[{"count":0,"href":"https:\/\/archive.sana.sy\/es\/index.php?rest_route=\/wp\/v2\/posts\/20664\/revisions"}],"wp:featuredmedia":[{"embeddable":true,"href":"https:\/\/archive.sana.sy\/es\/index.php?rest_route=\/wp\/v2\/media\/20665"}],"wp:attachment":[{"href":"https:\/\/archive.sana.sy\/es\/index.php?rest_route=%2Fwp%2Fv2%2Fmedia&parent=20664"}],"wp:term":[{"taxonomy":"category","embeddable":true,"href":"https:\/\/archive.sana.sy\/es\/index.php?rest_route=%2Fwp%2Fv2%2Fcategories&post=20664"},{"taxonomy":"post_tag","embeddable":true,"href":"https:\/\/archive.sana.sy\/es\/index.php?rest_route=%2Fwp%2Fv2%2Ftags&post=20664"}],"curies":[{"name":"wp","href":"https:\/\/api.w.org\/{rel}","templated":true}]}}