{"id":20672,"date":"2015-04-03T17:55:26","date_gmt":"2015-04-03T14:55:26","guid":{"rendered":"http:\/\/www.sana.sy\/es\/?p=20672"},"modified":"2015-04-03T17:58:17","modified_gmt":"2015-04-03T14:58:17","slug":"la-comunidad-siria-en-eslovaquia-condena-la-horrible-masacre-perpetrada-por-organizaciones-terroristas-contra-la-aldea-mabuya","status":"publish","type":"post","link":"https:\/\/archive.sana.sy\/es\/?p=20672","title":{"rendered":"La comunidad siria en Eslovaquia condena la horrible masacre cometida contra la aldea Mabuya"},"content":{"rendered":"<p style=\"text-align: justify\"><span style=\"color: #0000ff\">Bratislava-SANA<\/span><\/p>\n<p style=\"text-align: justify\">La comunidad siria en Eslovaquia conden\u00f3 la\u00a0 horrible masacre perpetrada por organizaciones terroristas contra\u00a0 los civiles inocentes de la aldea Mabuya del campo en la provincia de Hama, que caus\u00f3\u00a0 la muerte de decenas de personas y varias decenas de heridos, secuestros, saqueos y robos de los contenidos de sus hogares.<\/p>\n<p style=\"text-align: justify\">La comunidad siria en un comunicado\u00a0 del cual SANA recibi\u00f3\u00a0 una copia,\u00a0 afirm\u00f3 que los actos criminales de organizaciones terroristas reflejan su fracaso al nivel moral y pol\u00edtico\u00a0 a trav\u00e9s de intentar\u00a0 sabotear y destruir comunidades,\u00a0 y pa\u00edses\u00a0 con el apoyo de estados que\u00a0 nunca conocieron los valores morales y humanos m\u00e1s b\u00e1sicos, expresando su solidaridad con los m\u00e1rtires del horrendo crimen y sus condolencias a las familias de los m\u00e1rtires y sus mejores, y\u00a0 deseando\u00a0 a los heridos una pronta recuperaci\u00f3n .<\/p>\n<p><span style=\"color: #800000\">M.Miri<\/span><\/p>\n","protected":false},"excerpt":{"rendered":"<p>Bratislava-SANA La comunidad siria en Eslovaquia conden\u00f3 la\u00a0 horrible masacre perpetrada por organizaciones terroristas contra\u00a0 los civiles inocentes de la aldea Mabuya del campo en la provincia de Hama, que caus\u00f3\u00a0 la muerte de decenas de personas y varias decenas de heridos, secuestros, saqueos y robos de los contenidos de sus hogares. La comunidad siria &hellip;<\/p>\n","protected":false},"author":1,"featured_media":20673,"comment_status":"closed","ping_status":"closed","sticky":false,"template":"","format":"standard","meta":{"footnotes":""},"categories":[1],"tags":[4700,4699],"class_list":["post-20672","post","type-post","status-publish","format-standard","has-post-thumbnail","","category-news-not-sorted","tag-la-comunidad-siria-en-eslovaquia-condena-la-horrible-masacre-cometida-contra-la-aldea-mabuya","tag-la-comunidad-siria-en-eslovaquia-condena-la-horrible-masacre-perpetrada-por-organizaciones-terroristas-contra-la-aldea-mabuya"],"_links":{"self":[{"href":"https:\/\/archive.sana.sy\/es\/index.php?rest_route=\/wp\/v2\/posts\/20672"}],"collection":[{"href":"https:\/\/archive.sana.sy\/es\/index.php?rest_route=\/wp\/v2\/posts"}],"about":[{"href":"https:\/\/archive.sana.sy\/es\/index.php?rest_route=\/wp\/v2\/types\/post"}],"author":[{"embeddable":true,"href":"https:\/\/archive.sana.sy\/es\/index.php?rest_route=\/wp\/v2\/users\/1"}],"replies":[{"embeddable":true,"href":"https:\/\/archive.sana.sy\/es\/index.php?rest_route=%2Fwp%2Fv2%2Fcomments&post=20672"}],"version-history":[{"count":0,"href":"https:\/\/archive.sana.sy\/es\/index.php?rest_route=\/wp\/v2\/posts\/20672\/revisions"}],"wp:featuredmedia":[{"embeddable":true,"href":"https:\/\/archive.sana.sy\/es\/index.php?rest_route=\/wp\/v2\/media\/20673"}],"wp:attachment":[{"href":"https:\/\/archive.sana.sy\/es\/index.php?rest_route=%2Fwp%2Fv2%2Fmedia&parent=20672"}],"wp:term":[{"taxonomy":"category","embeddable":true,"href":"https:\/\/archive.sana.sy\/es\/index.php?rest_route=%2Fwp%2Fv2%2Fcategories&post=20672"},{"taxonomy":"post_tag","embeddable":true,"href":"https:\/\/archive.sana.sy\/es\/index.php?rest_route=%2Fwp%2Fv2%2Ftags&post=20672"}],"curies":[{"name":"wp","href":"https:\/\/api.w.org\/{rel}","templated":true}]}}