{"id":206772,"date":"2021-11-23T13:25:37","date_gmt":"2021-11-23T11:25:37","guid":{"rendered":"http:\/\/107.6.182.27\/es\/?p=206772"},"modified":"2023-01-10T14:23:41","modified_gmt":"2023-01-10T12:23:41","slug":"puesto-en-libertad-25-detenidos-de-la-provincia-de-deraa","status":"publish","type":"post","link":"https:\/\/archive.sana.sy\/es\/?p=206772","title":{"rendered":"Puesto en libertad 25 detenidos de la provincia de Deraa"},"content":{"rendered":"<p style=\"text-align: justify;\"><strong><span style=\"color: #800000;\">Deraa, 23 nov (SANA)<\/span><\/strong>\u00a0 Un nuevo grupo de 25 detenidos fueron puestos en libertad hoy en la provincia sure\u00f1a de Deraa, seg\u00fan report\u00f3 el corresponsal de SANA.<\/p>\n<p style=\"text-align: justify;\">Dicha liberaci\u00f3n forma parte de la implementaci\u00f3n del acuerdo de reconciliaci\u00f3n propuesto por el Estado sirio e implementado recientemente en esta provincia sure\u00f1a.<\/p>\n<p style=\"text-align: justify;\">Una fuente de seguridad explic\u00f3 que el proceso de liberaci\u00f3n se lleva a cabo de acuerdo a determinados procedimientos legales y ser\u00e1n liberados otros grupos sucesivamente.<\/p>\n<p style=\"text-align: justify;\">El pasado d\u00eda 14 del mes en curso, al menos 20 detenidos fueron puestos en libertad.<\/p>\n<div id='gallery-1' class='gallery galleryid-206772 gallery-columns-1 gallery-size-full'><figure class='gallery-item'>\n\t\t\t<div class='gallery-icon landscape'>\n\t\t\t\t<a href='https:\/\/archive.sana.sy\/es\/?attachment_id=206774'><img loading=\"lazy\" decoding=\"async\" width=\"660\" height=\"452\" src=\"https:\/\/archive.sana.sy\/es\/wp-content\/uploads\/2021\/11\/photo_2021-11-23_12-06-14-3.jpg\" class=\"attachment-full size-full\" alt=\"\" srcset=\"https:\/\/archive.sana.sy\/es\/wp-content\/uploads\/2021\/11\/photo_2021-11-23_12-06-14-3.jpg 660w, https:\/\/archive.sana.sy\/es\/wp-content\/uploads\/2021\/11\/photo_2021-11-23_12-06-14-3-300x205.jpg 300w, https:\/\/archive.sana.sy\/es\/wp-content\/uploads\/2021\/11\/photo_2021-11-23_12-06-14-3-150x103.jpg 150w, https:\/\/archive.sana.sy\/es\/wp-content\/uploads\/2021\/11\/photo_2021-11-23_12-06-14-3-110x75.jpg 110w\" sizes=\"(max-width: 660px) 100vw, 660px\" \/><\/a>\n\t\t\t<\/div><\/figure><figure class='gallery-item'>\n\t\t\t<div class='gallery-icon landscape'>\n\t\t\t\t<a href='https:\/\/archive.sana.sy\/es\/?attachment_id=206775'><img loading=\"lazy\" decoding=\"async\" width=\"660\" height=\"403\" src=\"https:\/\/archive.sana.sy\/es\/wp-content\/uploads\/2021\/11\/photo_2021-11-23_12-12-21.jpg\" class=\"attachment-full size-full\" alt=\"\" srcset=\"https:\/\/archive.sana.sy\/es\/wp-content\/uploads\/2021\/11\/photo_2021-11-23_12-12-21.jpg 660w, https:\/\/archive.sana.sy\/es\/wp-content\/uploads\/2021\/11\/photo_2021-11-23_12-12-21-300x183.jpg 300w, https:\/\/archive.sana.sy\/es\/wp-content\/uploads\/2021\/11\/photo_2021-11-23_12-12-21-150x92.jpg 150w\" sizes=\"(max-width: 660px) 100vw, 660px\" \/><\/a>\n\t\t\t<\/div><\/figure>\n\t\t<\/div>\n\n<p style=\"text-align: justify;\"><span style=\"color: #0000ff;\"><strong>ws\/fm<\/strong><\/span><\/p>\n","protected":false},"excerpt":{"rendered":"<p>Deraa, 23 nov (SANA)\u00a0 Un nuevo grupo de 25 detenidos fueron puestos en libertad hoy en la provincia sure\u00f1a de Deraa, seg\u00fan report\u00f3 el corresponsal de SANA. Dicha liberaci\u00f3n forma parte de la implementaci\u00f3n del acuerdo de reconciliaci\u00f3n propuesto por el Estado sirio e implementado recientemente en esta provincia sure\u00f1a. Una fuente de seguridad explic\u00f3 &hellip;<\/p>\n","protected":false},"author":35,"featured_media":206773,"comment_status":"closed","ping_status":"closed","sticky":false,"template":"","format":"standard","meta":{"footnotes":""},"categories":[477,447,597,573,476,7541],"tags":[17398,8642,19695,1347,6553],"class_list":["post-206772","post","type-post","status-publish","format-standard","has-post-thumbnail","","category-noticias-edulcorantes","category-local-politica","category-cinta-de-noticias","category-la-realidad-de-los-acontecimientos-en-siria","category-locales","category-ultimas-noticias","tag-deraa","tag-detenidos","tag-reconciliacion","tag-sana","tag-siria"],"_links":{"self":[{"href":"https:\/\/archive.sana.sy\/es\/index.php?rest_route=\/wp\/v2\/posts\/206772"}],"collection":[{"href":"https:\/\/archive.sana.sy\/es\/index.php?rest_route=\/wp\/v2\/posts"}],"about":[{"href":"https:\/\/archive.sana.sy\/es\/index.php?rest_route=\/wp\/v2\/types\/post"}],"author":[{"embeddable":true,"href":"https:\/\/archive.sana.sy\/es\/index.php?rest_route=\/wp\/v2\/users\/35"}],"replies":[{"embeddable":true,"href":"https:\/\/archive.sana.sy\/es\/index.php?rest_route=%2Fwp%2Fv2%2Fcomments&post=206772"}],"version-history":[{"count":0,"href":"https:\/\/archive.sana.sy\/es\/index.php?rest_route=\/wp\/v2\/posts\/206772\/revisions"}],"wp:featuredmedia":[{"embeddable":true,"href":"https:\/\/archive.sana.sy\/es\/index.php?rest_route=\/wp\/v2\/media\/206773"}],"wp:attachment":[{"href":"https:\/\/archive.sana.sy\/es\/index.php?rest_route=%2Fwp%2Fv2%2Fmedia&parent=206772"}],"wp:term":[{"taxonomy":"category","embeddable":true,"href":"https:\/\/archive.sana.sy\/es\/index.php?rest_route=%2Fwp%2Fv2%2Fcategories&post=206772"},{"taxonomy":"post_tag","embeddable":true,"href":"https:\/\/archive.sana.sy\/es\/index.php?rest_route=%2Fwp%2Fv2%2Ftags&post=206772"}],"curies":[{"name":"wp","href":"https:\/\/api.w.org\/{rel}","templated":true}]}}