{"id":206865,"date":"2021-11-23T21:24:54","date_gmt":"2021-11-23T19:24:54","guid":{"rendered":"http:\/\/107.6.182.27\/es\/?p=206865"},"modified":"2023-01-10T14:23:39","modified_gmt":"2023-01-10T12:23:39","slug":"recuperan-3-piezas-antiguas-robadas","status":"publish","type":"post","link":"https:\/\/archive.sana.sy\/es\/?p=206865","title":{"rendered":"Suiza devuelve tres piezas antiguas robadas de Palmira"},"content":{"rendered":"<p style=\"text-align: justify;\"><strong><span style=\"color: #800000;\">Ginebra, 23 nov (SANA)<\/span><\/strong> El representante permanente de Siria ante la Oficina de las Naciones Unidas y Organizaciones Internacionales en Ginebra, Hussam Eddin Ala, recibi\u00f3 del Museo Suizo de Arte e Historia, a piezas arqueol\u00f3gicas robadas de Palmira, inscrita en la lista del Patrimonio Mundial de la UNESCO desde 1980.<\/p>\n<p style=\"text-align: justify;\">El embajador Ala declar\u00f3 a SANA que las tres piezas se recuperaron gracias a los actuales esfuerzos y el seguimiento de los ministerios de Cultura y Exteriores, al tema de las antiguidades robadas de la Rep\u00fablica \u00c1rabe Siria.<\/p>\n<p style=\"text-align: justify;\">Las piezas recuperadas son dos tablas de piedra que incluyen grabaciones de una estatua, la cabeza de un le\u00f3n, decoraciones art\u00edsticas y una estatua de la cabeza de un sacerdote, todas confiscadas en 2016 por las autoridades suizas.<\/p>\n<p style=\"text-align: justify;\">Por medio de un comunicado conjunto, las dos partes condenaron el tr\u00e1fico ilegal de antig\u00fcedades y bienes culturales, y destacaron la importancia de crear conciencia sobre las herramientas legales para combatirlo y cooperar para enfrentarlo.<\/p>\n<p style=\"text-align: justify;\">Tras la liberaci\u00f3n de la mayor parte del territorio sirio del terrorismo y la consolidaci\u00f3n de la seguridad y estabilidad, las autoridades sirias reabrieron los museos de Alepo y Damasco, este \u00faltimo es considerado por los especialistas uno de los 10 museos m\u00e1s importantes en el mundo.<\/p>\n<p style=\"text-align: justify;\">Siria cuenta con m\u00e1s de 16 mil sitios antiguos, ubicados particularmente el norte y en ambas orillas del r\u00edo \u00c9ufrates, varios de los cuales est\u00e1n inscritos en la Lista del Patrimonio Mundial de la Unesco.<\/p>\n<div id='gallery-1' class='gallery galleryid-206865 gallery-columns-1 gallery-size-full'><figure class='gallery-item'>\n\t\t\t<div class='gallery-icon portrait'>\n\t\t\t\t<a href='https:\/\/archive.sana.sy\/es\/?attachment_id=206870'><img loading=\"lazy\" decoding=\"async\" width=\"660\" height=\"814\" src=\"https:\/\/archive.sana.sy\/es\/wp-content\/uploads\/2021\/11\/1-15.jpg\" class=\"attachment-full size-full\" alt=\"\" srcset=\"https:\/\/archive.sana.sy\/es\/wp-content\/uploads\/2021\/11\/1-15.jpg 660w, https:\/\/archive.sana.sy\/es\/wp-content\/uploads\/2021\/11\/1-15-243x300.jpg 243w, https:\/\/archive.sana.sy\/es\/wp-content\/uploads\/2021\/11\/1-15-122x150.jpg 122w\" sizes=\"(max-width: 660px) 100vw, 660px\" \/><\/a>\n\t\t\t<\/div><\/figure><figure class='gallery-item'>\n\t\t\t<div class='gallery-icon portrait'>\n\t\t\t\t<a href='https:\/\/archive.sana.sy\/es\/?attachment_id=206867'><img loading=\"lazy\" decoding=\"async\" width=\"660\" height=\"903\" src=\"https:\/\/archive.sana.sy\/es\/wp-content\/uploads\/2021\/11\/4-9.jpg\" class=\"attachment-full size-full\" alt=\"\" srcset=\"https:\/\/archive.sana.sy\/es\/wp-content\/uploads\/2021\/11\/4-9.jpg 660w, https:\/\/archive.sana.sy\/es\/wp-content\/uploads\/2021\/11\/4-9-219x300.jpg 219w, https:\/\/archive.sana.sy\/es\/wp-content\/uploads\/2021\/11\/4-9-110x150.jpg 110w\" sizes=\"(max-width: 660px) 100vw, 660px\" \/><\/a>\n\t\t\t<\/div><\/figure><figure class='gallery-item'>\n\t\t\t<div class='gallery-icon landscape'>\n\t\t\t\t<a href='https:\/\/archive.sana.sy\/es\/?attachment_id=206868'><img loading=\"lazy\" decoding=\"async\" width=\"660\" height=\"504\" src=\"https:\/\/archive.sana.sy\/es\/wp-content\/uploads\/2021\/11\/3-14.jpg\" class=\"attachment-full size-full\" alt=\"\" srcset=\"https:\/\/archive.sana.sy\/es\/wp-content\/uploads\/2021\/11\/3-14.jpg 660w, https:\/\/archive.sana.sy\/es\/wp-content\/uploads\/2021\/11\/3-14-300x229.jpg 300w, https:\/\/archive.sana.sy\/es\/wp-content\/uploads\/2021\/11\/3-14-150x115.jpg 150w\" sizes=\"(max-width: 660px) 100vw, 660px\" \/><\/a>\n\t\t\t<\/div><\/figure><figure class='gallery-item'>\n\t\t\t<div class='gallery-icon landscape'>\n\t\t\t\t<a href='https:\/\/archive.sana.sy\/es\/?attachment_id=206869'><img loading=\"lazy\" decoding=\"async\" width=\"660\" height=\"467\" src=\"https:\/\/archive.sana.sy\/es\/wp-content\/uploads\/2021\/11\/2-11.jpg\" class=\"attachment-full size-full\" alt=\"\" srcset=\"https:\/\/archive.sana.sy\/es\/wp-content\/uploads\/2021\/11\/2-11.jpg 660w, https:\/\/archive.sana.sy\/es\/wp-content\/uploads\/2021\/11\/2-11-300x212.jpg 300w, https:\/\/archive.sana.sy\/es\/wp-content\/uploads\/2021\/11\/2-11-150x106.jpg 150w\" sizes=\"(max-width: 660px) 100vw, 660px\" \/><\/a>\n\t\t\t<\/div><\/figure>\n\t\t<\/div>\n\n<p style=\"text-align: justify;\"><em>mm<\/em><\/p>\n","protected":false},"excerpt":{"rendered":"<p>Ginebra, 23 nov (SANA) El representante permanente de Siria ante la Oficina de las Naciones Unidas y Organizaciones Internacionales en Ginebra, Hussam Eddin Ala, recibi\u00f3 del Museo Suizo de Arte e Historia, a piezas arqueol\u00f3gicas robadas de Palmira, inscrita en la lista del Patrimonio Mundial de la UNESCO desde 1980. El embajador Ala declar\u00f3 a &hellip;<\/p>\n","protected":false},"author":36,"featured_media":206866,"comment_status":"closed","ping_status":"closed","sticky":false,"template":"","format":"standard","meta":{"footnotes":""},"categories":[477,447,597,510,476,583],"tags":[10560],"class_list":["post-206865","post","type-post","status-publish","format-standard","has-post-thumbnail","","category-noticias-edulcorantes","category-local-politica","category-cinta-de-noticias","category-arte-y-cultura","category-locales","category-slide","tag-ginebra"],"_links":{"self":[{"href":"https:\/\/archive.sana.sy\/es\/index.php?rest_route=\/wp\/v2\/posts\/206865"}],"collection":[{"href":"https:\/\/archive.sana.sy\/es\/index.php?rest_route=\/wp\/v2\/posts"}],"about":[{"href":"https:\/\/archive.sana.sy\/es\/index.php?rest_route=\/wp\/v2\/types\/post"}],"author":[{"embeddable":true,"href":"https:\/\/archive.sana.sy\/es\/index.php?rest_route=\/wp\/v2\/users\/36"}],"replies":[{"embeddable":true,"href":"https:\/\/archive.sana.sy\/es\/index.php?rest_route=%2Fwp%2Fv2%2Fcomments&post=206865"}],"version-history":[{"count":0,"href":"https:\/\/archive.sana.sy\/es\/index.php?rest_route=\/wp\/v2\/posts\/206865\/revisions"}],"wp:featuredmedia":[{"embeddable":true,"href":"https:\/\/archive.sana.sy\/es\/index.php?rest_route=\/wp\/v2\/media\/206866"}],"wp:attachment":[{"href":"https:\/\/archive.sana.sy\/es\/index.php?rest_route=%2Fwp%2Fv2%2Fmedia&parent=206865"}],"wp:term":[{"taxonomy":"category","embeddable":true,"href":"https:\/\/archive.sana.sy\/es\/index.php?rest_route=%2Fwp%2Fv2%2Fcategories&post=206865"},{"taxonomy":"post_tag","embeddable":true,"href":"https:\/\/archive.sana.sy\/es\/index.php?rest_route=%2Fwp%2Fv2%2Ftags&post=206865"}],"curies":[{"name":"wp","href":"https:\/\/api.w.org\/{rel}","templated":true}]}}