{"id":206922,"date":"2021-11-24T20:40:27","date_gmt":"2021-11-24T18:40:27","guid":{"rendered":"http:\/\/107.6.182.27\/es\/?p=206922"},"modified":"2023-01-10T15:13:30","modified_gmt":"2023-01-10T13:13:30","slug":"ministro-de-turismo-2022-sera-el-mejor-ano-para-el-sector-turistico-en-siria","status":"publish","type":"post","link":"https:\/\/archive.sana.sy\/es\/?p=206922","title":{"rendered":"Ministro de Turismo: 2022 ser\u00e1 el mejor a\u00f1o para el sector tur\u00edstico en Siria"},"content":{"rendered":"<p style=\"text-align: justify\"><strong><span style=\"color: #800000\">Damasco, 24 nov (SANA)\u00a0<\/span><\/strong> \u00a0El ministro de Turismo, Mohamed Rami Martini, revel\u00f3 hoy que se recibieron decenas de solicitudes de pa\u00edses europeos para visitar Siria.<\/p>\n<p style=\"text-align: justify\">Durante una rueda de prensa celebrada en la sede del Ministerio de Informaci\u00f3n, Martini manifest\u00f3 que el 2022 ser\u00e1 el mejor a\u00f1o tur\u00edstico.<\/p>\n<p style=\"text-align: justify\">Por otro lado, se\u00f1al\u00f3 que existen grandes oportunidades para la inversi\u00f3n tur\u00edstica en Siria las cuales asegurar\u00e1n m\u00e1s de 100 mil oportunidades de trabajo hasta 2030.<\/p>\n<p style=\"text-align: justify\">El ministerio adopt\u00f3 un plan para los pr\u00f3ximos 10 a\u00f1os con el objetivo de desarrollar el sector tur\u00edstico, y la atenci\u00f3n se centrar\u00e1 en el turismo popular y el retorno del turismo cultural, dijo el titular.<\/p>\n<p style=\"text-align: justify\">Destac\u00f3 que n\u00famero de los \u00e1rabes y extranjeros que visitaron Siria durante el a\u00f1o en curso ha llegado a 488 mil personas, lo que elev\u00f3 las ganancias de los hoteles 5 veces m\u00e1s que el a\u00f1o pasado.<\/p>\n<p style=\"text-align: justify\">Se\u00f1al\u00f3 que el Ministerio se est\u00e1 preparando para realizar el Foro de Inversi\u00f3n Tur\u00edstica 2022 luego de que fuera suspendido por la pandemia del covid-19, en el cual se expondr\u00e1n 40 proyectos.<\/p>\n<p style=\"text-align: justify\"><strong><span style=\"color: #0000ff\">fm\/ed\/la<\/span><\/strong><\/p>\n<div id='gallery-1' class='gallery galleryid-206922 gallery-columns-1 gallery-size-full'><figure class='gallery-item'>\n\t\t\t<div class='gallery-icon landscape'>\n\t\t\t\t<a href='https:\/\/archive.sana.sy\/es\/wp-content\/uploads\/2021\/11\/11-1.jpg'><img loading=\"lazy\" decoding=\"async\" width=\"660\" height=\"406\" src=\"https:\/\/archive.sana.sy\/es\/wp-content\/uploads\/2021\/11\/11-1.jpg\" class=\"attachment-full size-full\" alt=\"\" srcset=\"https:\/\/archive.sana.sy\/es\/wp-content\/uploads\/2021\/11\/11-1.jpg 660w, https:\/\/archive.sana.sy\/es\/wp-content\/uploads\/2021\/11\/11-1-300x185.jpg 300w, https:\/\/archive.sana.sy\/es\/wp-content\/uploads\/2021\/11\/11-1-150x92.jpg 150w\" sizes=\"(max-width: 660px) 100vw, 660px\" \/><\/a>\n\t\t\t<\/div><\/figure>\n\t\t<\/div>\n\n<p style=\"text-align: justify\">\n","protected":false},"excerpt":{"rendered":"<p>Damasco, 24 nov (SANA)\u00a0 \u00a0El ministro de Turismo, Mohamed Rami Martini, revel\u00f3 hoy que se recibieron decenas de solicitudes de pa\u00edses europeos para visitar Siria. Durante una rueda de prensa celebrada en la sede del Ministerio de Informaci\u00f3n, Martini manifest\u00f3 que el 2022 ser\u00e1 el mejor a\u00f1o tur\u00edstico. Por otro lado, se\u00f1al\u00f3 que existen grandes &hellip;<\/p>\n","protected":false},"author":32,"featured_media":206929,"comment_status":"closed","ping_status":"closed","sticky":false,"template":"","format":"standard","meta":{"footnotes":""},"categories":[597,485,476,583],"tags":[7161,6553],"class_list":["post-206922","post","type-post","status-publish","format-standard","has-post-thumbnail","","category-cinta-de-noticias","category-informes-negocios-y-finanzas","category-locales","category-slide","tag-damasco","tag-siria"],"_links":{"self":[{"href":"https:\/\/archive.sana.sy\/es\/index.php?rest_route=\/wp\/v2\/posts\/206922"}],"collection":[{"href":"https:\/\/archive.sana.sy\/es\/index.php?rest_route=\/wp\/v2\/posts"}],"about":[{"href":"https:\/\/archive.sana.sy\/es\/index.php?rest_route=\/wp\/v2\/types\/post"}],"author":[{"embeddable":true,"href":"https:\/\/archive.sana.sy\/es\/index.php?rest_route=\/wp\/v2\/users\/32"}],"replies":[{"embeddable":true,"href":"https:\/\/archive.sana.sy\/es\/index.php?rest_route=%2Fwp%2Fv2%2Fcomments&post=206922"}],"version-history":[{"count":0,"href":"https:\/\/archive.sana.sy\/es\/index.php?rest_route=\/wp\/v2\/posts\/206922\/revisions"}],"wp:featuredmedia":[{"embeddable":true,"href":"https:\/\/archive.sana.sy\/es\/index.php?rest_route=\/wp\/v2\/media\/206929"}],"wp:attachment":[{"href":"https:\/\/archive.sana.sy\/es\/index.php?rest_route=%2Fwp%2Fv2%2Fmedia&parent=206922"}],"wp:term":[{"taxonomy":"category","embeddable":true,"href":"https:\/\/archive.sana.sy\/es\/index.php?rest_route=%2Fwp%2Fv2%2Fcategories&post=206922"},{"taxonomy":"post_tag","embeddable":true,"href":"https:\/\/archive.sana.sy\/es\/index.php?rest_route=%2Fwp%2Fv2%2Ftags&post=206922"}],"curies":[{"name":"wp","href":"https:\/\/api.w.org\/{rel}","templated":true}]}}