{"id":207024,"date":"2021-11-24T21:33:17","date_gmt":"2021-11-24T19:33:17","guid":{"rendered":"http:\/\/107.6.182.27\/es\/?p=207024"},"modified":"2021-11-24T21:33:17","modified_gmt":"2021-11-24T19:33:17","slug":"bogdanov-y-pedersen-abordan-la-crisis-siria-2","status":"publish","type":"post","link":"https:\/\/archive.sana.sy\/es\/?p=207024","title":{"rendered":"Bogdanov y Pedersen abordan la crisis siria"},"content":{"rendered":"<p style=\"text-align: justify;\"><strong><span style=\"color: #800000;\">Mosc\u00fa, 24 nov (SANA)\u00a0<\/span><\/strong> \u00a0El Representante Especial del Presidente de Rusia para Oriente Medio y \u00c1frica, el vicecanciller Mikhail Bogdanov, y el enviado especial del secretario general de las Naciones Unidas para Siria, Geir Pedersen, destacaron la importancia de seguir adelante con el proceso de resoluci\u00f3n de la crisis en Siria sobre la base de la Resoluci\u00f3n del Consejo de Seguridad No. 2254.<\/p>\n<p style=\"text-align: justify;\">\u201cLas dos partes discutieron, en una conversaci\u00f3n telef\u00f3nica, avanzar en resolver la crisis en Siria sobre la base de la Resoluci\u00f3n del Consejo de Seguridad de la ONU No. 2254, y al mismo tiempo se prest\u00f3 especial atenci\u00f3n al trabajo del Comit\u00e9 de Discusi\u00f3n Constitucional en Ginebra\u201d, inform\u00f3 la Canciller\u00eda de Rusia por medio de un comunicado.<\/p>\n<p style=\"text-align: justify;\">De acuerdo con la nota oficial, ambos abordaron para el decimos\u00e9ptimo encuentro internacional sobre Siria seg\u00fan el formato de Astan\u00e1, programado para celebrarse el pr\u00f3ximo diciembre de este a\u00f1o en la capital de Kazajist\u00e1n, Nur-Sultan.<\/p>\n<p><em>mm<\/em><\/p>\n","protected":false},"excerpt":{"rendered":"<p>Mosc\u00fa, 24 nov (SANA)\u00a0 \u00a0El Representante Especial del Presidente de Rusia para Oriente Medio y \u00c1frica, el vicecanciller Mikhail Bogdanov, y el enviado especial del secretario general de las Naciones Unidas para Siria, Geir Pedersen, destacaron la importancia de seguir adelante con el proceso de resoluci\u00f3n de la crisis en Siria sobre la base de &hellip;<\/p>\n","protected":false},"author":36,"featured_media":207025,"comment_status":"closed","ping_status":"closed","sticky":false,"template":"","format":"standard","meta":{"footnotes":""},"categories":[597,467,7541],"tags":[20309],"class_list":["post-207024","post","type-post","status-publish","format-standard","has-post-thumbnail","","category-cinta-de-noticias","category-siria-y-el-mundo","category-ultimas-noticias","tag-bogdanov-y-pedersen"],"_links":{"self":[{"href":"https:\/\/archive.sana.sy\/es\/index.php?rest_route=\/wp\/v2\/posts\/207024"}],"collection":[{"href":"https:\/\/archive.sana.sy\/es\/index.php?rest_route=\/wp\/v2\/posts"}],"about":[{"href":"https:\/\/archive.sana.sy\/es\/index.php?rest_route=\/wp\/v2\/types\/post"}],"author":[{"embeddable":true,"href":"https:\/\/archive.sana.sy\/es\/index.php?rest_route=\/wp\/v2\/users\/36"}],"replies":[{"embeddable":true,"href":"https:\/\/archive.sana.sy\/es\/index.php?rest_route=%2Fwp%2Fv2%2Fcomments&post=207024"}],"version-history":[{"count":0,"href":"https:\/\/archive.sana.sy\/es\/index.php?rest_route=\/wp\/v2\/posts\/207024\/revisions"}],"wp:featuredmedia":[{"embeddable":true,"href":"https:\/\/archive.sana.sy\/es\/index.php?rest_route=\/wp\/v2\/media\/207025"}],"wp:attachment":[{"href":"https:\/\/archive.sana.sy\/es\/index.php?rest_route=%2Fwp%2Fv2%2Fmedia&parent=207024"}],"wp:term":[{"taxonomy":"category","embeddable":true,"href":"https:\/\/archive.sana.sy\/es\/index.php?rest_route=%2Fwp%2Fv2%2Fcategories&post=207024"},{"taxonomy":"post_tag","embeddable":true,"href":"https:\/\/archive.sana.sy\/es\/index.php?rest_route=%2Fwp%2Fv2%2Ftags&post=207024"}],"curies":[{"name":"wp","href":"https:\/\/api.w.org\/{rel}","templated":true}]}}