{"id":207028,"date":"2021-11-25T06:50:58","date_gmt":"2021-11-25T04:50:58","guid":{"rendered":"http:\/\/107.6.182.27\/es\/?p=207028"},"modified":"2021-11-25T07:03:08","modified_gmt":"2021-11-25T05:03:08","slug":"actualizacion-de-las-cifras-pandemicas-en-siria","status":"publish","type":"post","link":"https:\/\/archive.sana.sy\/es\/?p=207028","title":{"rendered":"Actualizaci\u00f3n de las cifras pand\u00e9micas en Siria"},"content":{"rendered":"<p style=\"text-align: justify;\"><span style=\"color: #800000;\"><strong>Damasco, 25 nov (SANA)<\/strong><\/span>\u00a0\u00a0\u00a0 El Ministerio de Salud anunci\u00f3 que la cifra diaria de infectados por Covid-19 en Siria aument\u00f3 a 47 mil 558 tras contabilizar 110 nuevos casos.<\/p>\n<p style=\"text-align: justify;\">De acuerdo con un comunicado del Ministerio, en las \u00faltimas 24 horas, 90 personas se recuperaron de esta enfermedad para un total de 28,607 , mientras se reportaron cinco muertos lo que eleva a dos mil 719 el n\u00famero de decesos.<\/p>\n<p style=\"text-align: justify;\">Siria enfrenta esta pandemia en medio de un bloqueo injusto asfixiante impuesto por EEUU y algunos pa\u00edses de la UE, lo cual dificulta las capacidades del pa\u00eds de enfrentar esta pandemia.<\/p>\n<p style=\"text-align: justify;\"><strong>ah\/fm<\/strong><\/p>\n","protected":false},"excerpt":{"rendered":"<p>Damasco, 25 nov (SANA)\u00a0\u00a0\u00a0 El Ministerio de Salud anunci\u00f3 que la cifra diaria de infectados por Covid-19 en Siria aument\u00f3 a 47 mil 558 tras contabilizar 110 nuevos casos. De acuerdo con un comunicado del Ministerio, en las \u00faltimas 24 horas, 90 personas se recuperaron de esta enfermedad para un total de 28,607 , mientras &hellip;<\/p>\n","protected":false},"author":30,"featured_media":207034,"comment_status":"closed","ping_status":"closed","sticky":false,"template":"","format":"standard","meta":{"footnotes":""},"categories":[597,476,457,7541],"tags":[17660,17865,6553],"class_list":["post-207028","post","type-post","status-publish","format-standard","has-post-thumbnail","","category-cinta-de-noticias","category-locales","category-noticias-arabe-internacional-politica","category-ultimas-noticias","tag-coronavirus","tag-covid-19","tag-siria"],"_links":{"self":[{"href":"https:\/\/archive.sana.sy\/es\/index.php?rest_route=\/wp\/v2\/posts\/207028"}],"collection":[{"href":"https:\/\/archive.sana.sy\/es\/index.php?rest_route=\/wp\/v2\/posts"}],"about":[{"href":"https:\/\/archive.sana.sy\/es\/index.php?rest_route=\/wp\/v2\/types\/post"}],"author":[{"embeddable":true,"href":"https:\/\/archive.sana.sy\/es\/index.php?rest_route=\/wp\/v2\/users\/30"}],"replies":[{"embeddable":true,"href":"https:\/\/archive.sana.sy\/es\/index.php?rest_route=%2Fwp%2Fv2%2Fcomments&post=207028"}],"version-history":[{"count":0,"href":"https:\/\/archive.sana.sy\/es\/index.php?rest_route=\/wp\/v2\/posts\/207028\/revisions"}],"wp:featuredmedia":[{"embeddable":true,"href":"https:\/\/archive.sana.sy\/es\/index.php?rest_route=\/wp\/v2\/media\/207034"}],"wp:attachment":[{"href":"https:\/\/archive.sana.sy\/es\/index.php?rest_route=%2Fwp%2Fv2%2Fmedia&parent=207028"}],"wp:term":[{"taxonomy":"category","embeddable":true,"href":"https:\/\/archive.sana.sy\/es\/index.php?rest_route=%2Fwp%2Fv2%2Fcategories&post=207028"},{"taxonomy":"post_tag","embeddable":true,"href":"https:\/\/archive.sana.sy\/es\/index.php?rest_route=%2Fwp%2Fv2%2Ftags&post=207028"}],"curies":[{"name":"wp","href":"https:\/\/api.w.org\/{rel}","templated":true}]}}