{"id":207033,"date":"2021-11-25T07:09:21","date_gmt":"2021-11-25T05:09:21","guid":{"rendered":"http:\/\/107.6.182.27\/es\/?p=207033"},"modified":"2021-11-25T07:09:21","modified_gmt":"2021-11-25T05:09:21","slug":"artista-siria-retrata-la-mujer-mezclando-la-imaginacion-con-la-realidad","status":"publish","type":"post","link":"https:\/\/archive.sana.sy\/es\/?p=207033","title":{"rendered":"Artista siria retrata la mujer mezclando la imaginaci\u00f3n con la realidad"},"content":{"rendered":"<p style=\"text-align: justify;\"><span style=\"color: #800000;\"><strong>Damasco, 24 nov (SANA)\u00a0 \u00a0 <\/strong><\/span>La artista pl\u00e1stica siria Ramia Hamed, pretende dejar su propia huella art\u00edstica en el movimiento pl\u00e1stico sirio con sus pinturas que reflejan los rasgos est\u00e9ticos \u00fanicos de la mujer.<\/p>\n<p style=\"text-align: justify;\">Mediante su participaci\u00f3n en las exposiciones colectivas del Ministerio de Cultura y de la Uni\u00f3n de Artistas Pl\u00e1sticos, ella muestra su pasi\u00f3n con dibujos que reflejan su esp\u00edritu y pensamiento y retrata la mujer bella, so\u00f1adora y amante.<\/p>\n<p style=\"text-align: justify;\">En una entrevista con SANA, la artista explica que cada cuadro que dibuja incluye una historia especial y dram\u00e1tica de una manera ficticia que refleja la realidad.<\/p>\n<p style=\"text-align: justify;\">Lo que m\u00e1s me impresiona son los colores del espectro utilizados por los impresionistas ya que tienen una filosof\u00eda art\u00edstica y cient\u00edfica a trav\u00e9s de la cual fueron capaces de dispersar la oscuridad de la Edad Media en Europa, indic\u00f3.<\/p>\n<p style=\"text-align: justify;\">Concluy\u00f3 con destacar la importancia de brindar oportunidades para los j\u00f3venes que conservan talentos ya que pueden ser un hito decisivo en el futuro del arte pl\u00e1stico sirio a la luz de las condiciones dif\u00edciles que enfrenta Siria.<\/p>\n<p style=\"text-align: justify;\">ws,fm<\/p>\n<div id='gallery-1' class='gallery galleryid-207033 gallery-columns-1 gallery-size-full'><figure class='gallery-item'>\n\t\t\t<div class='gallery-icon landscape'>\n\t\t\t\t<a href='https:\/\/archive.sana.sy\/es\/wp-content\/uploads\/2021\/11\/photo_2021-11-24_13-46-53.jpg'><img loading=\"lazy\" decoding=\"async\" width=\"1280\" height=\"1148\" src=\"https:\/\/archive.sana.sy\/es\/wp-content\/uploads\/2021\/11\/photo_2021-11-24_13-46-53.jpg\" class=\"attachment-full size-full\" alt=\"\" srcset=\"https:\/\/archive.sana.sy\/es\/wp-content\/uploads\/2021\/11\/photo_2021-11-24_13-46-53.jpg 1280w, https:\/\/archive.sana.sy\/es\/wp-content\/uploads\/2021\/11\/photo_2021-11-24_13-46-53-300x269.jpg 300w, https:\/\/archive.sana.sy\/es\/wp-content\/uploads\/2021\/11\/photo_2021-11-24_13-46-53-1024x918.jpg 1024w, https:\/\/archive.sana.sy\/es\/wp-content\/uploads\/2021\/11\/photo_2021-11-24_13-46-53-150x135.jpg 150w, https:\/\/archive.sana.sy\/es\/wp-content\/uploads\/2021\/11\/photo_2021-11-24_13-46-53-768x689.jpg 768w\" sizes=\"(max-width: 1280px) 100vw, 1280px\" \/><\/a>\n\t\t\t<\/div><\/figure><figure class='gallery-item'>\n\t\t\t<div class='gallery-icon portrait'>\n\t\t\t\t<a href='https:\/\/archive.sana.sy\/es\/wp-content\/uploads\/2021\/11\/photo_2021-11-24_13-47-31.jpg'><img loading=\"lazy\" decoding=\"async\" width=\"709\" height=\"945\" src=\"https:\/\/archive.sana.sy\/es\/wp-content\/uploads\/2021\/11\/photo_2021-11-24_13-47-31.jpg\" class=\"attachment-full size-full\" alt=\"\" srcset=\"https:\/\/archive.sana.sy\/es\/wp-content\/uploads\/2021\/11\/photo_2021-11-24_13-47-31.jpg 709w, https:\/\/archive.sana.sy\/es\/wp-content\/uploads\/2021\/11\/photo_2021-11-24_13-47-31-225x300.jpg 225w, https:\/\/archive.sana.sy\/es\/wp-content\/uploads\/2021\/11\/photo_2021-11-24_13-47-31-113x150.jpg 113w\" sizes=\"(max-width: 709px) 100vw, 709px\" \/><\/a>\n\t\t\t<\/div><\/figure><figure class='gallery-item'>\n\t\t\t<div class='gallery-icon portrait'>\n\t\t\t\t<a href='https:\/\/archive.sana.sy\/es\/wp-content\/uploads\/2021\/11\/photo_2021-11-24_13-47-35.jpg'><img loading=\"lazy\" decoding=\"async\" width=\"1096\" height=\"1280\" src=\"https:\/\/archive.sana.sy\/es\/wp-content\/uploads\/2021\/11\/photo_2021-11-24_13-47-35.jpg\" class=\"attachment-full size-full\" alt=\"\" srcset=\"https:\/\/archive.sana.sy\/es\/wp-content\/uploads\/2021\/11\/photo_2021-11-24_13-47-35.jpg 1096w, https:\/\/archive.sana.sy\/es\/wp-content\/uploads\/2021\/11\/photo_2021-11-24_13-47-35-257x300.jpg 257w, https:\/\/archive.sana.sy\/es\/wp-content\/uploads\/2021\/11\/photo_2021-11-24_13-47-35-877x1024.jpg 877w, https:\/\/archive.sana.sy\/es\/wp-content\/uploads\/2021\/11\/photo_2021-11-24_13-47-35-128x150.jpg 128w, https:\/\/archive.sana.sy\/es\/wp-content\/uploads\/2021\/11\/photo_2021-11-24_13-47-35-768x897.jpg 768w\" sizes=\"(max-width: 1096px) 100vw, 1096px\" \/><\/a>\n\t\t\t<\/div><\/figure><figure class='gallery-item'>\n\t\t\t<div class='gallery-icon portrait'>\n\t\t\t\t<a href='https:\/\/archive.sana.sy\/es\/wp-content\/uploads\/2021\/11\/photo_2021-11-24_13-48-03.jpg'><img loading=\"lazy\" decoding=\"async\" width=\"816\" height=\"1052\" src=\"https:\/\/archive.sana.sy\/es\/wp-content\/uploads\/2021\/11\/photo_2021-11-24_13-48-03.jpg\" class=\"attachment-full size-full\" alt=\"\" srcset=\"https:\/\/archive.sana.sy\/es\/wp-content\/uploads\/2021\/11\/photo_2021-11-24_13-48-03.jpg 816w, https:\/\/archive.sana.sy\/es\/wp-content\/uploads\/2021\/11\/photo_2021-11-24_13-48-03-233x300.jpg 233w, https:\/\/archive.sana.sy\/es\/wp-content\/uploads\/2021\/11\/photo_2021-11-24_13-48-03-794x1024.jpg 794w, https:\/\/archive.sana.sy\/es\/wp-content\/uploads\/2021\/11\/photo_2021-11-24_13-48-03-116x150.jpg 116w, https:\/\/archive.sana.sy\/es\/wp-content\/uploads\/2021\/11\/photo_2021-11-24_13-48-03-768x990.jpg 768w\" sizes=\"(max-width: 816px) 100vw, 816px\" \/><\/a>\n\t\t\t<\/div><\/figure>\n\t\t<\/div>\n\n","protected":false},"excerpt":{"rendered":"<p>Damasco, 24 nov (SANA)\u00a0 \u00a0 La artista pl\u00e1stica siria Ramia Hamed, pretende dejar su propia huella art\u00edstica en el movimiento pl\u00e1stico sirio con sus pinturas que reflejan los rasgos est\u00e9ticos \u00fanicos de la mujer. Mediante su participaci\u00f3n en las exposiciones colectivas del Ministerio de Cultura y de la Uni\u00f3n de Artistas Pl\u00e1sticos, ella muestra su &hellip;<\/p>\n","protected":false},"author":30,"featured_media":207035,"comment_status":"closed","ping_status":"closed","sticky":false,"template":"","format":"standard","meta":{"footnotes":""},"categories":[597,510,19549,457,7541],"tags":[20056,7161,6553],"class_list":["post-207033","post","type-post","status-publish","format-standard","has-post-thumbnail","","category-cinta-de-noticias","category-arte-y-cultura","category-ellas","category-noticias-arabe-internacional-politica","category-ultimas-noticias","tag-arte","tag-damasco","tag-siria"],"_links":{"self":[{"href":"https:\/\/archive.sana.sy\/es\/index.php?rest_route=\/wp\/v2\/posts\/207033"}],"collection":[{"href":"https:\/\/archive.sana.sy\/es\/index.php?rest_route=\/wp\/v2\/posts"}],"about":[{"href":"https:\/\/archive.sana.sy\/es\/index.php?rest_route=\/wp\/v2\/types\/post"}],"author":[{"embeddable":true,"href":"https:\/\/archive.sana.sy\/es\/index.php?rest_route=\/wp\/v2\/users\/30"}],"replies":[{"embeddable":true,"href":"https:\/\/archive.sana.sy\/es\/index.php?rest_route=%2Fwp%2Fv2%2Fcomments&post=207033"}],"version-history":[{"count":0,"href":"https:\/\/archive.sana.sy\/es\/index.php?rest_route=\/wp\/v2\/posts\/207033\/revisions"}],"wp:featuredmedia":[{"embeddable":true,"href":"https:\/\/archive.sana.sy\/es\/index.php?rest_route=\/wp\/v2\/media\/207035"}],"wp:attachment":[{"href":"https:\/\/archive.sana.sy\/es\/index.php?rest_route=%2Fwp%2Fv2%2Fmedia&parent=207033"}],"wp:term":[{"taxonomy":"category","embeddable":true,"href":"https:\/\/archive.sana.sy\/es\/index.php?rest_route=%2Fwp%2Fv2%2Fcategories&post=207033"},{"taxonomy":"post_tag","embeddable":true,"href":"https:\/\/archive.sana.sy\/es\/index.php?rest_route=%2Fwp%2Fv2%2Ftags&post=207033"}],"curies":[{"name":"wp","href":"https:\/\/api.w.org\/{rel}","templated":true}]}}