{"id":207061,"date":"2021-11-25T12:36:18","date_gmt":"2021-11-25T10:36:18","guid":{"rendered":"http:\/\/107.6.182.27\/es\/?p=207061"},"modified":"2023-01-12T14:39:46","modified_gmt":"2023-01-12T12:39:46","slug":"aviones-de-guerra-israelies-violan-el-espacio-aereo-libanes-2","status":"publish","type":"post","link":"https:\/\/archive.sana.sy\/es\/?p=207061","title":{"rendered":"Aviones de guerra israel\u00edes violan el espacio a\u00e9reo liban\u00e9s"},"content":{"rendered":"<p style=\"text-align: justify;\"><strong><span style=\"color: #800000;\">\u00a0Beirut, 25 nov (SANA)\u00a0<\/span> <\/strong>\u00a0 \u00a0\u00a0Los aviones del enemigo israel\u00edes volvieron a violar el espacio a\u00e9reo liban\u00e9s y llevaron a cabo vuelos circulares sobre varias zonas.<\/p>\n<p style=\"text-align: justify;\">La Agencia Nacional Libanesa de Noticias Libanesa inform\u00f3 que cuatro aviones de combate israel\u00edes violaron el espacio a\u00e9reo liban\u00e9s encima de Beirut y Zgharta.<\/p>\n<p style=\"text-align: justify;\">Asimismo, un avi\u00f3n de reconocimiento del enemigo israel\u00ed viol\u00f3 el espacio a\u00e9reo liban\u00e9s sobre el mar frente a la ciudad de Damour donde realiz\u00f3 un vuelo circular sobre las zonas de Beirut, agreg\u00f3 el medio.<\/p>\n<p style=\"text-align: justify;\">El enemigo israel\u00ed sigue violando por tierra, aire y mar la soberan\u00eda del L\u00edbano, infringiendo todas las normas y leyes internacionales.<\/p>\n<p><strong><span style=\"color: #0000ff;\">ed\/fm<\/span><\/strong><\/p>\n","protected":false},"excerpt":{"rendered":"<p>\u00a0Beirut, 25 nov (SANA)\u00a0 \u00a0 \u00a0\u00a0Los aviones del enemigo israel\u00edes volvieron a violar el espacio a\u00e9reo liban\u00e9s y llevaron a cabo vuelos circulares sobre varias zonas. La Agencia Nacional Libanesa de Noticias Libanesa inform\u00f3 que cuatro aviones de combate israel\u00edes violaron el espacio a\u00e9reo liban\u00e9s encima de Beirut y Zgharta. Asimismo, un avi\u00f3n de reconocimiento &hellip;<\/p>\n","protected":false},"author":32,"featured_media":207062,"comment_status":"closed","ping_status":"closed","sticky":false,"template":"","format":"standard","meta":{"footnotes":""},"categories":[597,456,7541],"tags":[8947,20311,8542],"class_list":["post-207061","post","type-post","status-publish","format-standard","has-post-thumbnail","","category-cinta-de-noticias","category-arabe-internacional-politica","category-ultimas-noticias","tag-beirut","tag-israelies","tag-libano"],"_links":{"self":[{"href":"https:\/\/archive.sana.sy\/es\/index.php?rest_route=\/wp\/v2\/posts\/207061"}],"collection":[{"href":"https:\/\/archive.sana.sy\/es\/index.php?rest_route=\/wp\/v2\/posts"}],"about":[{"href":"https:\/\/archive.sana.sy\/es\/index.php?rest_route=\/wp\/v2\/types\/post"}],"author":[{"embeddable":true,"href":"https:\/\/archive.sana.sy\/es\/index.php?rest_route=\/wp\/v2\/users\/32"}],"replies":[{"embeddable":true,"href":"https:\/\/archive.sana.sy\/es\/index.php?rest_route=%2Fwp%2Fv2%2Fcomments&post=207061"}],"version-history":[{"count":0,"href":"https:\/\/archive.sana.sy\/es\/index.php?rest_route=\/wp\/v2\/posts\/207061\/revisions"}],"wp:featuredmedia":[{"embeddable":true,"href":"https:\/\/archive.sana.sy\/es\/index.php?rest_route=\/wp\/v2\/media\/207062"}],"wp:attachment":[{"href":"https:\/\/archive.sana.sy\/es\/index.php?rest_route=%2Fwp%2Fv2%2Fmedia&parent=207061"}],"wp:term":[{"taxonomy":"category","embeddable":true,"href":"https:\/\/archive.sana.sy\/es\/index.php?rest_route=%2Fwp%2Fv2%2Fcategories&post=207061"},{"taxonomy":"post_tag","embeddable":true,"href":"https:\/\/archive.sana.sy\/es\/index.php?rest_route=%2Fwp%2Fv2%2Ftags&post=207061"}],"curies":[{"name":"wp","href":"https:\/\/api.w.org\/{rel}","templated":true}]}}