{"id":207072,"date":"2021-11-25T16:52:32","date_gmt":"2021-11-25T14:52:32","guid":{"rendered":"http:\/\/107.6.182.27\/es\/?p=207072"},"modified":"2023-01-10T14:23:36","modified_gmt":"2023-01-10T12:23:36","slug":"cancilleria-lanza-un-sitio-web-para-tramites-y-servicios-consulares","status":"publish","type":"post","link":"https:\/\/archive.sana.sy\/es\/?p=207072","title":{"rendered":"Canciller\u00eda lanza un sitio web para tr\u00e1mites y servicios consulares"},"content":{"rendered":"<p style=\"text-align: justify\"><span style=\"color: #800000\"><strong>Damasco, 25 nov (SANA)<\/strong><\/span> El Ministerio de Relaciones Exteriores y Expatriados anunci\u00f3 que los ciudadanos sirios que residen fuera del pa\u00eds ya pueden a partir de hoy realizar sus tr\u00e1mites consulares en l\u00ednea a trav\u00e9s de la p\u00e1gina web del centro consular: https:\/\/ecsc-expat.sy.<\/p>\n<p style=\"text-align: justify\">En un comunicado publicado este jueves en su cuenta Facebook, la Canciller\u00eda explic\u00f3 que este paso tiene como ayudar a los expatriados sirios a finalizar sus tr\u00e1mites consulares con facilidad y ahorrar el costo de su transporte a las sedes de las misiones sirias, especialmente en los pa\u00edses donde no hay representaci\u00f3n diplom\u00e1tica de Siria.<\/p>\n<p style=\"text-align: justify\">\nla<\/p>\n","protected":false},"excerpt":{"rendered":"<p>Damasco, 25 nov (SANA) El Ministerio de Relaciones Exteriores y Expatriados anunci\u00f3 que los ciudadanos sirios que residen fuera del pa\u00eds ya pueden a partir de hoy realizar sus tr\u00e1mites consulares en l\u00ednea a trav\u00e9s de la p\u00e1gina web del centro consular: https:\/\/ecsc-expat.sy. En un comunicado publicado este jueves en su cuenta Facebook, la Canciller\u00eda &hellip;<\/p>\n","protected":false},"author":24,"featured_media":207073,"comment_status":"closed","ping_status":"closed","sticky":false,"template":"","format":"standard","meta":{"footnotes":""},"categories":[447,597,476,7541],"tags":[],"class_list":["post-207072","post","type-post","status-publish","format-standard","has-post-thumbnail","","category-local-politica","category-cinta-de-noticias","category-locales","category-ultimas-noticias"],"_links":{"self":[{"href":"https:\/\/archive.sana.sy\/es\/index.php?rest_route=\/wp\/v2\/posts\/207072"}],"collection":[{"href":"https:\/\/archive.sana.sy\/es\/index.php?rest_route=\/wp\/v2\/posts"}],"about":[{"href":"https:\/\/archive.sana.sy\/es\/index.php?rest_route=\/wp\/v2\/types\/post"}],"author":[{"embeddable":true,"href":"https:\/\/archive.sana.sy\/es\/index.php?rest_route=\/wp\/v2\/users\/24"}],"replies":[{"embeddable":true,"href":"https:\/\/archive.sana.sy\/es\/index.php?rest_route=%2Fwp%2Fv2%2Fcomments&post=207072"}],"version-history":[{"count":0,"href":"https:\/\/archive.sana.sy\/es\/index.php?rest_route=\/wp\/v2\/posts\/207072\/revisions"}],"wp:featuredmedia":[{"embeddable":true,"href":"https:\/\/archive.sana.sy\/es\/index.php?rest_route=\/wp\/v2\/media\/207073"}],"wp:attachment":[{"href":"https:\/\/archive.sana.sy\/es\/index.php?rest_route=%2Fwp%2Fv2%2Fmedia&parent=207072"}],"wp:term":[{"taxonomy":"category","embeddable":true,"href":"https:\/\/archive.sana.sy\/es\/index.php?rest_route=%2Fwp%2Fv2%2Fcategories&post=207072"},{"taxonomy":"post_tag","embeddable":true,"href":"https:\/\/archive.sana.sy\/es\/index.php?rest_route=%2Fwp%2Fv2%2Ftags&post=207072"}],"curies":[{"name":"wp","href":"https:\/\/api.w.org\/{rel}","templated":true}]}}