{"id":20717,"date":"2015-04-04T16:00:31","date_gmt":"2015-04-04T13:00:31","guid":{"rendered":"http:\/\/www.sana.sy\/es\/?p=20717"},"modified":"2015-04-04T18:38:25","modified_gmt":"2015-04-04T15:38:25","slug":"una-jornada-ludica-para-los-huerfanos-en-damasco-bajo-el-auspicio-de-la-primera-dama","status":"publish","type":"post","link":"https:\/\/archive.sana.sy\/es\/?p=20717","title":{"rendered":"Una jornada l\u00fadica para los hu\u00e9rfanos en Damasco bajo el auspicio de la Primera Dama"},"content":{"rendered":"<p><span style=\"color: #800000\">Damasco, SANA<\/span><\/p>\n<p>Bajo el auspicio de la primera dama, Asmaa al-Assad y en el marco de las actividades del D\u00eda Internacional del Compromiso con el Hu\u00e9rfano, la Asociaci\u00f3n caritativa \u201cLamset Shifaa\u201d y la compa\u00f1\u00eda \u201cBig Idea\u201d lanzaron hoy s\u00e1bado una jornada l\u00fadica en la sala deportiva de Yalaa en Damasco, para los ni\u00f1os de todos los orfanatos de Damasco.<\/p>\n<p>Este evento que se desarroll\u00f3 bajo el lema \u201cPonemos una Sonrisa\u201d, incluye varias actividades art\u00edsticas, culturales, repartici\u00f3n de obsequios y prendas de vestir.<\/p>\n<p>La directora de la Asociaci\u00f3n \u201cLamset Shifaa\u201d, Maha Nuelati se\u00f1al\u00f3 que el objetivo de esta iniciativa consiste en hacer sentir a los hu\u00e9rfanos que existan personas que les apoyan y se ocupan de sus necesidades, agregando que el evento de hoy forma parte de varias actividades desarrolladas por la asociaci\u00f3n a lo largo de esta semana.<\/p>\n<p>Las actividades de este evento tienen previsto cubrir entre 1000 y 1300 ni\u00f1os que carecen de la atenci\u00f3n de sus progenitores, revel\u00f3 uno de los voluntarios de la asociaci\u00f3n.<\/p>\n<p>Es de se\u00f1alar que el mundo celebra la semana del hu\u00e9rfano en la primera semana de abril para levantar consciencia sobre la importancia de prestar atenci\u00f3n a esta categor\u00eda.<\/p>\n<div id='gallery-1' class='gallery galleryid-20717 gallery-columns-3 gallery-size-thumbnail'><figure class='gallery-item'>\n\t\t\t<div class='gallery-icon landscape'>\n\t\t\t\t<a href='https:\/\/archive.sana.sy\/es\/wp-content\/uploads\/2015\/04\/huerfanos2.jpg'><img loading=\"lazy\" decoding=\"async\" width=\"150\" height=\"100\" src=\"https:\/\/archive.sana.sy\/es\/wp-content\/uploads\/2015\/04\/huerfanos2-150x100.jpg\" class=\"attachment-thumbnail size-thumbnail\" alt=\"\" srcset=\"https:\/\/archive.sana.sy\/es\/wp-content\/uploads\/2015\/04\/huerfanos2-150x100.jpg 150w, https:\/\/archive.sana.sy\/es\/wp-content\/uploads\/2015\/04\/huerfanos2-300x200.jpg 300w, https:\/\/archive.sana.sy\/es\/wp-content\/uploads\/2015\/04\/huerfanos2.jpg 500w\" sizes=\"(max-width: 150px) 100vw, 150px\" \/><\/a>\n\t\t\t<\/div><\/figure><figure class='gallery-item'>\n\t\t\t<div class='gallery-icon landscape'>\n\t\t\t\t<a href='https:\/\/archive.sana.sy\/es\/wp-content\/uploads\/2015\/04\/huerfanos-3.jpg'><img loading=\"lazy\" decoding=\"async\" width=\"150\" height=\"100\" src=\"https:\/\/archive.sana.sy\/es\/wp-content\/uploads\/2015\/04\/huerfanos-3-150x100.jpg\" class=\"attachment-thumbnail size-thumbnail\" alt=\"\" srcset=\"https:\/\/archive.sana.sy\/es\/wp-content\/uploads\/2015\/04\/huerfanos-3-150x100.jpg 150w, https:\/\/archive.sana.sy\/es\/wp-content\/uploads\/2015\/04\/huerfanos-3-300x200.jpg 300w, https:\/\/archive.sana.sy\/es\/wp-content\/uploads\/2015\/04\/huerfanos-3.jpg 500w\" sizes=\"(max-width: 150px) 100vw, 150px\" \/><\/a>\n\t\t\t<\/div><\/figure>\n\t\t<\/div>\n\n<p>Con el mismo motivo, el Ministerio de Asuntos Sociales organiz\u00f3 hoy s\u00e1bado un evento similar en el convento de Sayidat Saydnaya en el suburbio de Damasco.<\/p>\n<p>En una palabra, la ministra de Asuntos Sociales, Kinda al-Shammat afirm\u00f3 que su ministerio seguir\u00e1 prestando atenci\u00f3n a los ni\u00f1os que perdieron uno de sus progenitores, sobre todo en las circunstancias actuales que vive Siria.<\/p>\n<p>Asimismo manifest\u00f3 que el terrorismo que sufre el pa\u00eds no alcanzar\u00e1 impedir a los sirios de participar en actividades que aportan beneficio a los m\u00e1s necesitados de la sociedad.<\/p>\n<p>A su vez, el representante del Patriarcado de Antioqu\u00eda y todo el Oriente para los Greco-Ortodoxos Afram Maalouli, expres\u00f3 su aprecio a todas las iniciativas que prestan atenci\u00f3n a los hu\u00e9rfanos en Siria y todo el mundo.<br \/>\nLynn A.<\/p>\n","protected":false},"excerpt":{"rendered":"<p>Damasco, SANA Bajo el auspicio de la primera dama, Asmaa al-Assad y en el marco de las actividades del D\u00eda Internacional del Compromiso con el Hu\u00e9rfano, la Asociaci\u00f3n caritativa \u201cLamset Shifaa\u201d y la compa\u00f1\u00eda \u201cBig Idea\u201d lanzaron hoy s\u00e1bado una jornada l\u00fadica en la sala deportiva de Yalaa en Damasco, para los ni\u00f1os de todos &hellip;<\/p>\n","protected":false},"author":24,"featured_media":20718,"comment_status":"closed","ping_status":"closed","sticky":false,"template":"","format":"standard","meta":{"footnotes":""},"categories":[477,597,476],"tags":[4715],"class_list":["post-20717","post","type-post","status-publish","format-standard","has-post-thumbnail","","category-noticias-edulcorantes","category-cinta-de-noticias","category-locales","tag-una-jornada-ludica-para-los-huerfanos-en-damasco-bajo-el-auspicio-de-la-primera-dama"],"_links":{"self":[{"href":"https:\/\/archive.sana.sy\/es\/index.php?rest_route=\/wp\/v2\/posts\/20717"}],"collection":[{"href":"https:\/\/archive.sana.sy\/es\/index.php?rest_route=\/wp\/v2\/posts"}],"about":[{"href":"https:\/\/archive.sana.sy\/es\/index.php?rest_route=\/wp\/v2\/types\/post"}],"author":[{"embeddable":true,"href":"https:\/\/archive.sana.sy\/es\/index.php?rest_route=\/wp\/v2\/users\/24"}],"replies":[{"embeddable":true,"href":"https:\/\/archive.sana.sy\/es\/index.php?rest_route=%2Fwp%2Fv2%2Fcomments&post=20717"}],"version-history":[{"count":0,"href":"https:\/\/archive.sana.sy\/es\/index.php?rest_route=\/wp\/v2\/posts\/20717\/revisions"}],"wp:featuredmedia":[{"embeddable":true,"href":"https:\/\/archive.sana.sy\/es\/index.php?rest_route=\/wp\/v2\/media\/20718"}],"wp:attachment":[{"href":"https:\/\/archive.sana.sy\/es\/index.php?rest_route=%2Fwp%2Fv2%2Fmedia&parent=20717"}],"wp:term":[{"taxonomy":"category","embeddable":true,"href":"https:\/\/archive.sana.sy\/es\/index.php?rest_route=%2Fwp%2Fv2%2Fcategories&post=20717"},{"taxonomy":"post_tag","embeddable":true,"href":"https:\/\/archive.sana.sy\/es\/index.php?rest_route=%2Fwp%2Fv2%2Ftags&post=20717"}],"curies":[{"name":"wp","href":"https:\/\/api.w.org\/{rel}","templated":true}]}}