{"id":207207,"date":"2021-11-26T11:38:41","date_gmt":"2021-11-26T09:38:41","guid":{"rendered":"http:\/\/107.6.182.27\/es\/?p=207207"},"modified":"2021-11-26T11:38:41","modified_gmt":"2021-11-26T09:38:41","slug":"ocupante-turco-y-sus-mercenarios-agreden-aldeas-en-raqa-siria","status":"publish","type":"post","link":"https:\/\/archive.sana.sy\/es\/?p=207207","title":{"rendered":"Ocupante turco y sus mercenarios agreden aldeas en Raqa\/Siria"},"content":{"rendered":"<p style=\"text-align: justify;\"><span style=\"color: #800000;\"><strong>Raqa, 26 nov (SANA)\u00a0 \u00a0 <\/strong><\/span>Las fuerzas de ocupaci\u00f3n turcas y sus lacayos terroristas renovaron hoy sus ataques contra las aldeas adyacentes a las \u00e1reas que ocupan en el norte del pa\u00eds.<\/p>\n<p style=\"text-align: justify;\">Activistas locales informaron a nuestro corresponsal que los militares de Ankara y sus colaboradores dispararon varios proyectiles que impactaron contra las cercan\u00edas de la autopista internacional M4 y la aldea de Hoshan, situada en las cercan\u00edas de la ciudad de Ain Isa al norte de Raqa, lo que provoc\u00f3 da\u00f1os a los cultivos.<\/p>\n<p style=\"text-align: justify;\">Las agresiones turcas ocurrieron en paralelo con vuelos de aviones de reconocimiento de Turqu\u00eda sobre Ain Isa.<\/p>\n<p style=\"text-align: justify;\">El lunes \u00faltimo, las tropas del ocupante turco y las organizaciones terroristas que operan bajo su mando atacaron con artiller\u00eda pesada las cercan\u00edas de la ciudad de Ain Isa, y la autopista internacional M4 entre Alepo y Hasakeh, causando da\u00f1os a las propiedades p\u00fablicas y privadas, y a las tierras agr\u00edcolas.<\/p>\n<p style=\"text-align: justify;\"><strong>ah\/fm<\/strong><\/p>\n","protected":false},"excerpt":{"rendered":"<p>Raqa, 26 nov (SANA)\u00a0 \u00a0 Las fuerzas de ocupaci\u00f3n turcas y sus lacayos terroristas renovaron hoy sus ataques contra las aldeas adyacentes a las \u00e1reas que ocupan en el norte del pa\u00eds. Activistas locales informaron a nuestro corresponsal que los militares de Ankara y sus colaboradores dispararon varios proyectiles que impactaron contra las cercan\u00edas de &hellip;<\/p>\n","protected":false},"author":30,"featured_media":207209,"comment_status":"closed","ping_status":"closed","sticky":false,"template":"","format":"standard","meta":{"footnotes":""},"categories":[597,573,457,7541],"tags":[19888,6553,7512],"class_list":["post-207207","post","type-post","status-publish","format-standard","has-post-thumbnail","","category-cinta-de-noticias","category-la-realidad-de-los-acontecimientos-en-siria","category-noticias-arabe-internacional-politica","category-ultimas-noticias","tag-raqa","tag-siria","tag-turquia"],"_links":{"self":[{"href":"https:\/\/archive.sana.sy\/es\/index.php?rest_route=\/wp\/v2\/posts\/207207"}],"collection":[{"href":"https:\/\/archive.sana.sy\/es\/index.php?rest_route=\/wp\/v2\/posts"}],"about":[{"href":"https:\/\/archive.sana.sy\/es\/index.php?rest_route=\/wp\/v2\/types\/post"}],"author":[{"embeddable":true,"href":"https:\/\/archive.sana.sy\/es\/index.php?rest_route=\/wp\/v2\/users\/30"}],"replies":[{"embeddable":true,"href":"https:\/\/archive.sana.sy\/es\/index.php?rest_route=%2Fwp%2Fv2%2Fcomments&post=207207"}],"version-history":[{"count":0,"href":"https:\/\/archive.sana.sy\/es\/index.php?rest_route=\/wp\/v2\/posts\/207207\/revisions"}],"wp:featuredmedia":[{"embeddable":true,"href":"https:\/\/archive.sana.sy\/es\/index.php?rest_route=\/wp\/v2\/media\/207209"}],"wp:attachment":[{"href":"https:\/\/archive.sana.sy\/es\/index.php?rest_route=%2Fwp%2Fv2%2Fmedia&parent=207207"}],"wp:term":[{"taxonomy":"category","embeddable":true,"href":"https:\/\/archive.sana.sy\/es\/index.php?rest_route=%2Fwp%2Fv2%2Fcategories&post=207207"},{"taxonomy":"post_tag","embeddable":true,"href":"https:\/\/archive.sana.sy\/es\/index.php?rest_route=%2Fwp%2Fv2%2Ftags&post=207207"}],"curies":[{"name":"wp","href":"https:\/\/api.w.org\/{rel}","templated":true}]}}