{"id":207221,"date":"2021-11-26T14:07:16","date_gmt":"2021-11-26T12:07:16","guid":{"rendered":"http:\/\/107.6.182.27\/es\/?p=207221"},"modified":"2023-01-10T14:23:34","modified_gmt":"2023-01-10T12:23:34","slug":"el-consejo-teologico-de-jurisprudencia-condena-la-blasfemia-de-la-ocupacion-turca-y-sus-lacayos-contra-la-posicion-del-profeta","status":"publish","type":"post","link":"https:\/\/archive.sana.sy\/es\/?p=207221","title":{"rendered":"El Consejo Teol\u00f3gico de Jurisprudencia condena la blasfemia de la ocupaci\u00f3n turca y sus lacayos contra la posici\u00f3n del Profeta"},"content":{"rendered":"<p style=\"text-align: justify;\"><span style=\"color: #800000;\"><strong>Damasco, 26 nov (SANA) <\/strong><\/span>El Consejo Teol\u00f3gico de Jurisprudencia del Ministerio de Dotaciones (Awkaf) conden\u00f3 en\u00e9rgicamente la blasfemia cometida por la ocupaci\u00f3n turca y sus ac\u00f3litos contra la posici\u00f3n del Profeta Muhammad (paz y bendiciones sean con \u00e9l), destacando que tales acciones exponen el verdadero rostro de la Hermandad criminal y sus lacayos.<\/p>\n<p style=\"text-align: justify;\">El consejo dijo hoy en un comunicado: \u201cAlgunos sitios web distribuyeron im\u00e1genes de un libro de texto publicado por el Ministerio de Educaci\u00f3n de Turqu\u00eda para el primer grado de la escuela primaria. Se trata de un libro de biograf\u00eda del Profeta que contiene dibujos e im\u00e1genes blasfemos y es distribuido a las escuelas en las zonas controladas por los elementos hostiles y agentes de la ocupaci\u00f3n turca en el norte de Siria\u201d.<\/p>\n<p style=\"text-align: justify;\">El Consejo destac\u00f3 que tales acciones exponen el verdadero rostro de la Hermandad criminal y sus ac\u00f3litos que se disfrazan de religi\u00f3n, y que tal paso se inscribe en el contexto del desprecio de aquellos a todas las santidades, comenzando con el derramamiento de sangre para ocupar tierras, hasta insultar la posici\u00f3n de los profetas, la paz y las bendiciones sean con ellos.<br \/>\nEl Consejo enfatiz\u00f3 la elevada posici\u00f3n de todos los profetas tan venerados y que tales comportamientos nada tienen que ver con la religi\u00f3n, la moral o la humanidad.<\/p>\n<p style=\"text-align: justify;\">Destac\u00f3 que los intentos de sabotear las mentes y distorsionar las santidades no tendr\u00e1n \u00e9xito como no tuvieron \u00e9xito en el pasado, por ende la ocupaci\u00f3n de tierras sirias y los intentos de borrar la identidad se desvanecer\u00e1n inevitablemente.<\/p>\n<p style=\"text-align: justify;\"><strong><span style=\"color: #0000ff;\">rsh\/ah<\/span><\/strong><\/p>\n","protected":false},"excerpt":{"rendered":"<p>Damasco, 26 nov (SANA) El Consejo Teol\u00f3gico de Jurisprudencia del Ministerio de Dotaciones (Awkaf) conden\u00f3 en\u00e9rgicamente la blasfemia cometida por la ocupaci\u00f3n turca y sus ac\u00f3litos contra la posici\u00f3n del Profeta Muhammad (paz y bendiciones sean con \u00e9l), destacando que tales acciones exponen el verdadero rostro de la Hermandad criminal y sus lacayos. El consejo &hellip;<\/p>\n","protected":false},"author":39,"featured_media":207222,"comment_status":"closed","ping_status":"closed","sticky":false,"template":"","format":"standard","meta":{"footnotes":""},"categories":[477,447,597,476,457],"tags":[20322,20321,19625],"class_list":["post-207221","post","type-post","status-publish","format-standard","has-post-thumbnail","","category-noticias-edulcorantes","category-local-politica","category-cinta-de-noticias","category-locales","category-noticias-arabe-internacional-politica","tag-blasfemia","tag-consejo-teologico-de-jurisprudencia","tag-ocupacion-turca"],"_links":{"self":[{"href":"https:\/\/archive.sana.sy\/es\/index.php?rest_route=\/wp\/v2\/posts\/207221"}],"collection":[{"href":"https:\/\/archive.sana.sy\/es\/index.php?rest_route=\/wp\/v2\/posts"}],"about":[{"href":"https:\/\/archive.sana.sy\/es\/index.php?rest_route=\/wp\/v2\/types\/post"}],"author":[{"embeddable":true,"href":"https:\/\/archive.sana.sy\/es\/index.php?rest_route=\/wp\/v2\/users\/39"}],"replies":[{"embeddable":true,"href":"https:\/\/archive.sana.sy\/es\/index.php?rest_route=%2Fwp%2Fv2%2Fcomments&post=207221"}],"version-history":[{"count":0,"href":"https:\/\/archive.sana.sy\/es\/index.php?rest_route=\/wp\/v2\/posts\/207221\/revisions"}],"wp:featuredmedia":[{"embeddable":true,"href":"https:\/\/archive.sana.sy\/es\/index.php?rest_route=\/wp\/v2\/media\/207222"}],"wp:attachment":[{"href":"https:\/\/archive.sana.sy\/es\/index.php?rest_route=%2Fwp%2Fv2%2Fmedia&parent=207221"}],"wp:term":[{"taxonomy":"category","embeddable":true,"href":"https:\/\/archive.sana.sy\/es\/index.php?rest_route=%2Fwp%2Fv2%2Fcategories&post=207221"},{"taxonomy":"post_tag","embeddable":true,"href":"https:\/\/archive.sana.sy\/es\/index.php?rest_route=%2Fwp%2Fv2%2Ftags&post=207221"}],"curies":[{"name":"wp","href":"https:\/\/api.w.org\/{rel}","templated":true}]}}