{"id":207277,"date":"2021-11-26T17:09:34","date_gmt":"2021-11-26T15:09:34","guid":{"rendered":"http:\/\/107.6.182.27\/es\/?p=207277"},"modified":"2023-01-12T14:39:46","modified_gmt":"2023-01-12T12:39:46","slug":"heridos-palestinos-por-represion-israeli-en-kafr-qaddum","status":"publish","type":"post","link":"https:\/\/archive.sana.sy\/es\/?p=207277","title":{"rendered":"Heridos palestinos por represi\u00f3n israel\u00ed en Kafr Qaddum"},"content":{"rendered":"<p style=\"text-align: justify;\"><span style=\"color: #800000;\"><strong>Jerusal\u00e9n ocupada, 26 nov (SANA) <\/strong><\/span>Decenas de palestinos fueron heridos y asfixiados hoy como resultado de la represi\u00f3n de las fuerzas de ocupaci\u00f3n israel\u00edes de la manifestaci\u00f3n semanal contra los asentamientos y para exigir la apertura de la calle del pueblo de Kafr Qaddum cerrada desde hace m\u00e1s de 17 a\u00f1os, al este de Qalqilya en el oeste de Cisjordania.<\/p>\n<p style=\"text-align: justify;\">La agencia palestina de noticias Wafa afirm\u00f3 que las tropas del ocupante irrumpieron en la aldea y dispararon balas y lanzaron bombas de gas venenoso contra los participantes en la manifestaci\u00f3n, lo que provoc\u00f3 la lesi\u00f3n de seis de ellos y la asfixia de decenas.<\/p>\n<p style=\"text-align: justify;\">El pueblo de Kafr Qaddoum es testigo de manifestaciones diarias contra la ocupaci\u00f3n, ya que \u00e9stas se han convertido en parte de la vida cotidiana de los pobladores.<\/p>\n<p style=\"text-align: justify;\"><span style=\"color: #0000ff;\"><strong>sm\/rsh<\/strong><\/span><\/p>\n","protected":false},"excerpt":{"rendered":"<p>Jerusal\u00e9n ocupada, 26 nov (SANA) Decenas de palestinos fueron heridos y asfixiados hoy como resultado de la represi\u00f3n de las fuerzas de ocupaci\u00f3n israel\u00edes de la manifestaci\u00f3n semanal contra los asentamientos y para exigir la apertura de la calle del pueblo de Kafr Qaddum cerrada desde hace m\u00e1s de 17 a\u00f1os, al este de Qalqilya &hellip;<\/p>\n","protected":false},"author":39,"featured_media":207278,"comment_status":"closed","ping_status":"closed","sticky":false,"template":"","format":"standard","meta":{"footnotes":""},"categories":[597,456,457],"tags":[17703,19876],"class_list":["post-207277","post","type-post","status-publish","format-standard","has-post-thumbnail","","category-cinta-de-noticias","category-arabe-internacional-politica","category-noticias-arabe-internacional-politica","tag-kafr-qaddum","tag-represion-israeli"],"_links":{"self":[{"href":"https:\/\/archive.sana.sy\/es\/index.php?rest_route=\/wp\/v2\/posts\/207277"}],"collection":[{"href":"https:\/\/archive.sana.sy\/es\/index.php?rest_route=\/wp\/v2\/posts"}],"about":[{"href":"https:\/\/archive.sana.sy\/es\/index.php?rest_route=\/wp\/v2\/types\/post"}],"author":[{"embeddable":true,"href":"https:\/\/archive.sana.sy\/es\/index.php?rest_route=\/wp\/v2\/users\/39"}],"replies":[{"embeddable":true,"href":"https:\/\/archive.sana.sy\/es\/index.php?rest_route=%2Fwp%2Fv2%2Fcomments&post=207277"}],"version-history":[{"count":0,"href":"https:\/\/archive.sana.sy\/es\/index.php?rest_route=\/wp\/v2\/posts\/207277\/revisions"}],"wp:featuredmedia":[{"embeddable":true,"href":"https:\/\/archive.sana.sy\/es\/index.php?rest_route=\/wp\/v2\/media\/207278"}],"wp:attachment":[{"href":"https:\/\/archive.sana.sy\/es\/index.php?rest_route=%2Fwp%2Fv2%2Fmedia&parent=207277"}],"wp:term":[{"taxonomy":"category","embeddable":true,"href":"https:\/\/archive.sana.sy\/es\/index.php?rest_route=%2Fwp%2Fv2%2Fcategories&post=207277"},{"taxonomy":"post_tag","embeddable":true,"href":"https:\/\/archive.sana.sy\/es\/index.php?rest_route=%2Fwp%2Fv2%2Ftags&post=207277"}],"curies":[{"name":"wp","href":"https:\/\/api.w.org\/{rel}","templated":true}]}}