{"id":207280,"date":"2021-11-26T17:23:54","date_gmt":"2021-11-26T15:23:54","guid":{"rendered":"http:\/\/107.6.182.27\/es\/?p=207280"},"modified":"2023-01-10T14:23:33","modified_gmt":"2023-01-10T12:23:33","slug":"revista-internacional-documenta-el-exitoso-tratamiento-de-un-caso-en-el-hospital-dimashq","status":"publish","type":"post","link":"https:\/\/archive.sana.sy\/es\/?p=207280","title":{"rendered":"Revista internacional documenta el exitoso tratamiento de un caso en el Hospital Central de Damasco"},"content":{"rendered":"<p style=\"text-align: justify;\"><span style=\"color: #800000;\"><strong>Damasco, 26 nov (SANA)<\/strong> <\/span>La revista (Medicine) public\u00f3 un art\u00edculo sobre un caso documentado por el Hospital Dimashq en el cual se logr\u00f3 tratar a un ni\u00f1o de 13 a\u00f1os que padec\u00eda una colitis ulcerosa grave mediante un tratamiento biol\u00f3gico que suele aplicarse con adultos.<br \/>\nSobre el caso que fue publicado en el n\u00famero 38 de la revista, el director del Hospital, m\u00e9dico supervisor del caso, Ahmed Abbas, explic\u00f3 que el ni\u00f1o ten\u00eda s\u00edntomas de dolor abdominal, diarrea severa acompa\u00f1ada de sangre, malestar general, fiebre alta, flatulencia severa en el abdomen y falta de crecimiento, y no respond\u00eda a los tratamientos tradicionales utilizados para tales casos.<\/p>\n<p style=\"text-align: justify;\"><img loading=\"lazy\" decoding=\"async\" class=\"size-medium wp-image-207281 alignright\" src=\"http:\/\/107.6.182.27\/es\/wp-content\/uploads\/2021\/11\/photo_2021-11-26_15-16-10-300x225.jpg\" alt=\"\" width=\"300\" height=\"225\" srcset=\"https:\/\/archive.sana.sy\/es\/wp-content\/uploads\/2021\/11\/photo_2021-11-26_15-16-10-300x225.jpg 300w, https:\/\/archive.sana.sy\/es\/wp-content\/uploads\/2021\/11\/photo_2021-11-26_15-16-10-150x113.jpg 150w, https:\/\/archive.sana.sy\/es\/wp-content\/uploads\/2021\/11\/photo_2021-11-26_15-16-10.jpg 660w\" sizes=\"(max-width: 300px) 100vw, 300px\" \/>Abbas indic\u00f3 que una vez fracasado el tratamiento la alternativa era extirpar todo el colon porque la afecci\u00f3n se estaba desarrollando y amenazaba la vida del ni\u00f1o, lo que oblig\u00f3 a tomar la decisi\u00f3n de aplicar un tratamiento biol\u00f3gico (golimumab), que se aplica para adultos.<\/p>\n<p style=\"text-align: justify;\">Aclar\u00f3 que el ni\u00f1o reaccion\u00f3 positivamente al tratamiento desde la primera dosis que se le suministr\u00f3 hace un a\u00f1o, y no presentaron complicaciones.<\/p>\n<p style=\"text-align: justify;\">El m\u00e9dico se\u00f1al\u00f3 que el Hospital aplic\u00f3 este tratamiento cuyo \u00e9xito ya se hab\u00eda demostrado en otros cuatro ni\u00f1os.<\/p>\n<p style=\"text-align: justify;\">Cabe destacar que la revista brit\u00e1nica Oxford document\u00f3 y public\u00f3 el a\u00f1o pasado un raro caso cient\u00edfico diagnosticado en el Hospital Dimashq de una ni\u00f1a que padec\u00eda (S\u00edndrome de Thefinard), una enfermedad gen\u00e9tica muy rara y generalmente termina con la autoamputaci\u00f3n de las extremidades.<\/p>\n<p><span style=\"color: #0000ff;\"><strong>sm\/rsh<\/strong><\/span><\/p>\n<p style=\"text-align: justify;\">\n","protected":false},"excerpt":{"rendered":"<p>Damasco, 26 nov (SANA) La revista (Medicine) public\u00f3 un art\u00edculo sobre un caso documentado por el Hospital Dimashq en el cual se logr\u00f3 tratar a un ni\u00f1o de 13 a\u00f1os que padec\u00eda una colitis ulcerosa grave mediante un tratamiento biol\u00f3gico que suele aplicarse con adultos. Sobre el caso que fue publicado en el n\u00famero 38 &hellip;<\/p>\n","protected":false},"author":39,"featured_media":207282,"comment_status":"closed","ping_status":"closed","sticky":false,"template":"","format":"standard","meta":{"footnotes":""},"categories":[447,477,457,7541],"tags":[20324,20325,20326,20327],"class_list":["post-207280","post","type-post","status-publish","format-standard","has-post-thumbnail","","category-local-politica","category-noticias-edulcorantes","category-noticias-arabe-internacional-politica","category-ultimas-noticias","tag-hospital-dimashq","tag-medicine","tag-revista","tag-tatamiento"],"_links":{"self":[{"href":"https:\/\/archive.sana.sy\/es\/index.php?rest_route=\/wp\/v2\/posts\/207280"}],"collection":[{"href":"https:\/\/archive.sana.sy\/es\/index.php?rest_route=\/wp\/v2\/posts"}],"about":[{"href":"https:\/\/archive.sana.sy\/es\/index.php?rest_route=\/wp\/v2\/types\/post"}],"author":[{"embeddable":true,"href":"https:\/\/archive.sana.sy\/es\/index.php?rest_route=\/wp\/v2\/users\/39"}],"replies":[{"embeddable":true,"href":"https:\/\/archive.sana.sy\/es\/index.php?rest_route=%2Fwp%2Fv2%2Fcomments&post=207280"}],"version-history":[{"count":0,"href":"https:\/\/archive.sana.sy\/es\/index.php?rest_route=\/wp\/v2\/posts\/207280\/revisions"}],"wp:featuredmedia":[{"embeddable":true,"href":"https:\/\/archive.sana.sy\/es\/index.php?rest_route=\/wp\/v2\/media\/207282"}],"wp:attachment":[{"href":"https:\/\/archive.sana.sy\/es\/index.php?rest_route=%2Fwp%2Fv2%2Fmedia&parent=207280"}],"wp:term":[{"taxonomy":"category","embeddable":true,"href":"https:\/\/archive.sana.sy\/es\/index.php?rest_route=%2Fwp%2Fv2%2Fcategories&post=207280"},{"taxonomy":"post_tag","embeddable":true,"href":"https:\/\/archive.sana.sy\/es\/index.php?rest_route=%2Fwp%2Fv2%2Ftags&post=207280"}],"curies":[{"name":"wp","href":"https:\/\/api.w.org\/{rel}","templated":true}]}}