{"id":20732,"date":"2015-04-04T17:17:03","date_gmt":"2015-04-04T14:17:03","guid":{"rendered":"http:\/\/www.sana.sy\/es\/?p=20732"},"modified":"2015-04-04T17:21:50","modified_gmt":"2015-04-04T14:21:50","slug":"inicia-el-festival-del-patrimonio-sirio-de-artesania","status":"publish","type":"post","link":"https:\/\/archive.sana.sy\/es\/?p=20732","title":{"rendered":"Inicia el Festival del Patrimonio Sirio de Artesan\u00eda"},"content":{"rendered":"<p><span style=\"color: #800000\">Damasco, SANA<\/span><\/p>\n<p>Se han iniciado este s\u00e1bado en el Caravasar Khan Assad Basha en Damasco, las actividades de la segunda edici\u00f3n del Festival del Patrimonio Sirio de Artesan\u00eda, destinado a apoyar a las familias desplazadas que se encuentran en los centros de acogida temporal.<\/p>\n<p>El festival que ha sido organizado por la Direcci\u00f3n de los Festivales y Carnavales del programa mundial Telematch en Siria, durar\u00e1 una semana e incluir\u00e1 un bazar caritativo y obras art\u00edsticas.<\/p>\n<p>La organizadora medi\u00e1tica de este evento, Ranim Muzfer se\u00f1al\u00f3 que el n\u00famero de los participantes en el mismo ha llegado a un centenar, entre ellos personas desplazadas que residen en centros de acogida temporal.<\/p>\n<p>Asimismo agreg\u00f3 que el festival permite a los participantes exponer sus productos y obras con el fin de comercializarlos.<\/p>\n<p>Muzfer resalt\u00f3 que los productos exhibidos var\u00edan entre artesan\u00edas de madera, perfumes, productos alimentarios, productos de belleza, libros, y bolsas de cuero.<\/p>\n<p>Es de recordar que la primera edici\u00f3n de este festival se hab\u00eda celebrado en 2013 en la Oficina de \u00c1mbar en Damasco.<\/p>\n<p>&nbsp;<\/p>\n<p>&nbsp;<\/p>\n<p>Lynn A.<\/p>\n","protected":false},"excerpt":{"rendered":"<p>Damasco, SANA Se han iniciado este s\u00e1bado en el Caravasar Khan Assad Basha en Damasco, las actividades de la segunda edici\u00f3n del Festival del Patrimonio Sirio de Artesan\u00eda, destinado a apoyar a las familias desplazadas que se encuentran en los centros de acogida temporal. El festival que ha sido organizado por la Direcci\u00f3n de los &hellip;<\/p>\n","protected":false},"author":24,"featured_media":20734,"comment_status":"closed","ping_status":"closed","sticky":false,"template":"","format":"standard","meta":{"footnotes":""},"categories":[510,515],"tags":[4717],"class_list":["post-20732","post","type-post","status-publish","format-standard","has-post-thumbnail","","category-arte-y-cultura","category-noticias-arte-y-cultura","tag-inicia-el-festival-del-patrimonio-sirio-de-artesania"],"_links":{"self":[{"href":"https:\/\/archive.sana.sy\/es\/index.php?rest_route=\/wp\/v2\/posts\/20732"}],"collection":[{"href":"https:\/\/archive.sana.sy\/es\/index.php?rest_route=\/wp\/v2\/posts"}],"about":[{"href":"https:\/\/archive.sana.sy\/es\/index.php?rest_route=\/wp\/v2\/types\/post"}],"author":[{"embeddable":true,"href":"https:\/\/archive.sana.sy\/es\/index.php?rest_route=\/wp\/v2\/users\/24"}],"replies":[{"embeddable":true,"href":"https:\/\/archive.sana.sy\/es\/index.php?rest_route=%2Fwp%2Fv2%2Fcomments&post=20732"}],"version-history":[{"count":0,"href":"https:\/\/archive.sana.sy\/es\/index.php?rest_route=\/wp\/v2\/posts\/20732\/revisions"}],"wp:featuredmedia":[{"embeddable":true,"href":"https:\/\/archive.sana.sy\/es\/index.php?rest_route=\/wp\/v2\/media\/20734"}],"wp:attachment":[{"href":"https:\/\/archive.sana.sy\/es\/index.php?rest_route=%2Fwp%2Fv2%2Fmedia&parent=20732"}],"wp:term":[{"taxonomy":"category","embeddable":true,"href":"https:\/\/archive.sana.sy\/es\/index.php?rest_route=%2Fwp%2Fv2%2Fcategories&post=20732"},{"taxonomy":"post_tag","embeddable":true,"href":"https:\/\/archive.sana.sy\/es\/index.php?rest_route=%2Fwp%2Fv2%2Ftags&post=20732"}],"curies":[{"name":"wp","href":"https:\/\/api.w.org\/{rel}","templated":true}]}}