{"id":207324,"date":"2021-11-26T22:24:38","date_gmt":"2021-11-26T20:24:38","guid":{"rendered":"http:\/\/107.6.182.27\/es\/?p=207324"},"modified":"2023-01-12T14:39:45","modified_gmt":"2023-01-12T12:39:45","slug":"union-europea-pide-a-israel-que-dejen-de-demoler-viviendas-palestinas","status":"publish","type":"post","link":"https:\/\/archive.sana.sy\/es\/?p=207324","title":{"rendered":"Uni\u00f3n Europea pide a \u201cIsrael\u201d que dejen de demoler viviendas palestinas"},"content":{"rendered":"<p style=\"text-align: justify;\"><span style=\"color: #800000;\"><strong>Jerusal\u00e9n ocupada, 26 nov (SANA)\u00a0<\/strong><\/span>\u00a0 La Uni\u00f3n Europea pidi\u00f3 que se detuviera la demolici\u00f3n de viviendas e instalaciones palestinas por parte de las autoridades de ocupaci\u00f3n israel\u00edes, y destac\u00f3 que esto constituye una violaci\u00f3n flagrante del derecho internacional y los pactos internacionales.<\/p>\n<p style=\"text-align: justify;\">La Uni\u00f3n Europea declar\u00f3 por medio de un comunicado que 22 palestinos, incluidos 15 ni\u00f1os, perdieron sus hogares el 23 de este mes, como resultado de la demolici\u00f3n de sus hogares por las autoridades de ocupaci\u00f3n; as\u00ed como demolieron casas agr\u00edcolas, graneros y edificios en construcci\u00f3n, y confiscaron varias propiedades de palestinos en Jerusal\u00e9n, Hebr\u00f3n, Ramallah y Naplusa.<\/p>\n<p style=\"text-align: justify;\">El comunicado indic\u00f3 que las autoridades sionistas aumentaron el volumen de la demolici\u00f3n o incautaci\u00f3n de viviendas e instalaciones palestinas en un 21 por ciento durante los primeros nueve meses de este a\u00f1o 2021 en comparaci\u00f3n con el mismo per\u00edodo del a\u00f1o pasado.<\/p>\n<p style=\"text-align: justify;\">fm<\/p>\n","protected":false},"excerpt":{"rendered":"<p>Jerusal\u00e9n ocupada, 26 nov (SANA)\u00a0\u00a0 La Uni\u00f3n Europea pidi\u00f3 que se detuviera la demolici\u00f3n de viviendas e instalaciones palestinas por parte de las autoridades de ocupaci\u00f3n israel\u00edes, y destac\u00f3 que esto constituye una violaci\u00f3n flagrante del derecho internacional y los pactos internacionales. La Uni\u00f3n Europea declar\u00f3 por medio de un comunicado que 22 palestinos, incluidos &hellip;<\/p>\n","protected":false},"author":34,"featured_media":207325,"comment_status":"closed","ping_status":"closed","sticky":false,"template":"","format":"standard","meta":{"footnotes":""},"categories":[597,456,7541],"tags":[],"class_list":["post-207324","post","type-post","status-publish","format-standard","has-post-thumbnail","","category-cinta-de-noticias","category-arabe-internacional-politica","category-ultimas-noticias"],"_links":{"self":[{"href":"https:\/\/archive.sana.sy\/es\/index.php?rest_route=\/wp\/v2\/posts\/207324"}],"collection":[{"href":"https:\/\/archive.sana.sy\/es\/index.php?rest_route=\/wp\/v2\/posts"}],"about":[{"href":"https:\/\/archive.sana.sy\/es\/index.php?rest_route=\/wp\/v2\/types\/post"}],"author":[{"embeddable":true,"href":"https:\/\/archive.sana.sy\/es\/index.php?rest_route=\/wp\/v2\/users\/34"}],"replies":[{"embeddable":true,"href":"https:\/\/archive.sana.sy\/es\/index.php?rest_route=%2Fwp%2Fv2%2Fcomments&post=207324"}],"version-history":[{"count":0,"href":"https:\/\/archive.sana.sy\/es\/index.php?rest_route=\/wp\/v2\/posts\/207324\/revisions"}],"wp:featuredmedia":[{"embeddable":true,"href":"https:\/\/archive.sana.sy\/es\/index.php?rest_route=\/wp\/v2\/media\/207325"}],"wp:attachment":[{"href":"https:\/\/archive.sana.sy\/es\/index.php?rest_route=%2Fwp%2Fv2%2Fmedia&parent=207324"}],"wp:term":[{"taxonomy":"category","embeddable":true,"href":"https:\/\/archive.sana.sy\/es\/index.php?rest_route=%2Fwp%2Fv2%2Fcategories&post=207324"},{"taxonomy":"post_tag","embeddable":true,"href":"https:\/\/archive.sana.sy\/es\/index.php?rest_route=%2Fwp%2Fv2%2Ftags&post=207324"}],"curies":[{"name":"wp","href":"https:\/\/api.w.org\/{rel}","templated":true}]}}