{"id":207327,"date":"2021-11-27T08:16:27","date_gmt":"2021-11-27T06:16:27","guid":{"rendered":"http:\/\/107.6.182.27\/es\/?p=207327"},"modified":"2023-01-10T14:23:32","modified_gmt":"2023-01-10T12:23:32","slug":"siria-reporta-100-nuevos-casos-de-covid-19","status":"publish","type":"post","link":"https:\/\/archive.sana.sy\/es\/?p=207327","title":{"rendered":"Siria reporta 100 nuevos casos de Covid-19"},"content":{"rendered":"<p style=\"text-align: justify;\"><strong><span style=\"color: #800000;\">Damasco, 27 nov (SANA)\u00a0<\/span>\u00a0<\/strong>El Ministerio de Salud anunci\u00f3 hoy que la cifra diaria de infectados por Covid-19 en Siria aument\u00f3 a 47 mil 764 tras contabilizar 100 nuevos casos.<\/p>\n<p style=\"text-align: justify;\">De acuerdo con un comunicado del Ministerio, en las \u00faltimas 24 horas, 95 personas se recuperaron de esta enfermedad para un total de 28,794, mientras se reportaron cuatro muertos lo que eleva a dos mil 729 el n\u00famero de decesos.<\/p>\n<p style=\"text-align: justify;\">Siria enfrenta esta pandemia en medio de un bloqueo injusto asfixiante impuesto por EEUU y algunos pa\u00edses de la UE, lo cual dificulta las capacidades del pa\u00eds de enfrentar esta pandemia.<\/p>\n<p><span style=\"color: #0000ff;\"><strong>sm<\/strong><\/span><\/p>\n","protected":false},"excerpt":{"rendered":"<p>Damasco, 27 nov (SANA)\u00a0\u00a0El Ministerio de Salud anunci\u00f3 hoy que la cifra diaria de infectados por Covid-19 en Siria aument\u00f3 a 47 mil 764 tras contabilizar 100 nuevos casos. De acuerdo con un comunicado del Ministerio, en las \u00faltimas 24 horas, 95 personas se recuperaron de esta enfermedad para un total de 28,794, mientras se &hellip;<\/p>\n","protected":false},"author":39,"featured_media":207330,"comment_status":"closed","ping_status":"closed","sticky":false,"template":"","format":"standard","meta":{"footnotes":""},"categories":[447,477,597,476,457,7541],"tags":[17865,6553],"class_list":["post-207327","post","type-post","status-publish","format-standard","has-post-thumbnail","","category-local-politica","category-noticias-edulcorantes","category-cinta-de-noticias","category-locales","category-noticias-arabe-internacional-politica","category-ultimas-noticias","tag-covid-19","tag-siria"],"_links":{"self":[{"href":"https:\/\/archive.sana.sy\/es\/index.php?rest_route=\/wp\/v2\/posts\/207327"}],"collection":[{"href":"https:\/\/archive.sana.sy\/es\/index.php?rest_route=\/wp\/v2\/posts"}],"about":[{"href":"https:\/\/archive.sana.sy\/es\/index.php?rest_route=\/wp\/v2\/types\/post"}],"author":[{"embeddable":true,"href":"https:\/\/archive.sana.sy\/es\/index.php?rest_route=\/wp\/v2\/users\/39"}],"replies":[{"embeddable":true,"href":"https:\/\/archive.sana.sy\/es\/index.php?rest_route=%2Fwp%2Fv2%2Fcomments&post=207327"}],"version-history":[{"count":0,"href":"https:\/\/archive.sana.sy\/es\/index.php?rest_route=\/wp\/v2\/posts\/207327\/revisions"}],"wp:featuredmedia":[{"embeddable":true,"href":"https:\/\/archive.sana.sy\/es\/index.php?rest_route=\/wp\/v2\/media\/207330"}],"wp:attachment":[{"href":"https:\/\/archive.sana.sy\/es\/index.php?rest_route=%2Fwp%2Fv2%2Fmedia&parent=207327"}],"wp:term":[{"taxonomy":"category","embeddable":true,"href":"https:\/\/archive.sana.sy\/es\/index.php?rest_route=%2Fwp%2Fv2%2Fcategories&post=207327"},{"taxonomy":"post_tag","embeddable":true,"href":"https:\/\/archive.sana.sy\/es\/index.php?rest_route=%2Fwp%2Fv2%2Ftags&post=207327"}],"curies":[{"name":"wp","href":"https:\/\/api.w.org\/{rel}","templated":true}]}}