{"id":207409,"date":"2021-11-27T16:59:49","date_gmt":"2021-11-27T14:59:49","guid":{"rendered":"http:\/\/107.6.182.27\/es\/?p=207409"},"modified":"2023-01-10T15:13:30","modified_gmt":"2023-01-10T13:13:30","slug":"iraq-pretende-beneficiarse-de-la-experiencia-siria-en-el-campo-de-las-zonas-industriales","status":"publish","type":"post","link":"https:\/\/archive.sana.sy\/es\/?p=207409","title":{"rendered":"Iraq pretende beneficiarse de la experiencia siria en el campo de las zonas industriales"},"content":{"rendered":"<p style=\"text-align: justify;\"><span style=\"color: #800000;\"><strong>Damasco, 27 nov (SANA)<\/strong><\/span> El ministro de Industria iraqu\u00ed, Manhal Aziz Khabbaz, destac\u00f3 la importancia de intercambiar experiencias y beneficiarse de la avanzada experiencia siria en el campo de las ciudades y zonas industriales.<\/p>\n<p style=\"text-align: justify;\">La declaraci\u00f3n del titular iraqu\u00ed fue concedida a la prensa tras su llegada a Damasco hoy al frente de una delegaci\u00f3n de empresarios, industriales y funcionarios de las ciudades industriales, para participar en la Cuarta Conferencia de la Uni\u00f3n \u00c1rabe de Ciudades y Zonas Industriales.<\/p>\n<p style=\"text-align: justify;\">Asegur\u00f3 que esta conferencia es de gran importancia para el regreso de Siria al escenario \u00e1rabe y un salto cualitativo en la integraci\u00f3n econ\u00f3mica \u00e1rabe.<\/p>\n<p style=\"text-align: justify;\">La participaci\u00f3n de Iraq ser\u00e1 efectiva y significativa para aportar puntos de vista, cooperaci\u00f3n e intercambio de experiencias y opiniones, manifest\u00f3.<\/p>\n<p style=\"text-align: justify;\">Destac\u00f3 las experiencias sirias en el \u00e1mbito de las ciudades y zonas industriales, lo que contribuir\u00eda al intercambio de experiencias y el desarrollo de la experiencia iraqu\u00ed en este campo.<\/p>\n<p style=\"text-align: justify;\">Por su parte, el jefe de la Federaci\u00f3n Iraqu\u00ed de Industrias, Adel Akab Al-Hussein, coment\u00f3 que la participaci\u00f3n en la conferencia mejora las relaciones comerciales e industriales entre los pa\u00edses \u00e1rabes.<\/p>\n<p style=\"text-align: justify;\">Este evento organizado por la Uni\u00f3n \u00c1rabe de Ciudades y Zonas Industriales \u00c1rabes arrancar\u00e1 en Damasco el pr\u00f3ximo lunes.<\/p>\n<p style=\"text-align: justify;\"><span style=\"color: #0000ff;\"><strong>fm\/sm<\/strong><\/span><\/p>\n","protected":false},"excerpt":{"rendered":"<p>Damasco, 27 nov (SANA) El ministro de Industria iraqu\u00ed, Manhal Aziz Khabbaz, destac\u00f3 la importancia de intercambiar experiencias y beneficiarse de la avanzada experiencia siria en el campo de las ciudades y zonas industriales. La declaraci\u00f3n del titular iraqu\u00ed fue concedida a la prensa tras su llegada a Damasco hoy al frente de una delegaci\u00f3n &hellip;<\/p>\n","protected":false},"author":39,"featured_media":207410,"comment_status":"closed","ping_status":"closed","sticky":false,"template":"","format":"standard","meta":{"footnotes":""},"categories":[477,447,597,16686,485,457,583],"tags":[7161,20347,5835,20346],"class_list":["post-207409","post","type-post","status-publish","format-standard","has-post-thumbnail","","category-noticias-edulcorantes","category-local-politica","category-cinta-de-noticias","category-economia","category-informes-negocios-y-finanzas","category-noticias-arabe-internacional-politica","category-slide","tag-damasco","tag-experiencia-siria","tag-iraq","tag-zonas-industriales"],"_links":{"self":[{"href":"https:\/\/archive.sana.sy\/es\/index.php?rest_route=\/wp\/v2\/posts\/207409"}],"collection":[{"href":"https:\/\/archive.sana.sy\/es\/index.php?rest_route=\/wp\/v2\/posts"}],"about":[{"href":"https:\/\/archive.sana.sy\/es\/index.php?rest_route=\/wp\/v2\/types\/post"}],"author":[{"embeddable":true,"href":"https:\/\/archive.sana.sy\/es\/index.php?rest_route=\/wp\/v2\/users\/39"}],"replies":[{"embeddable":true,"href":"https:\/\/archive.sana.sy\/es\/index.php?rest_route=%2Fwp%2Fv2%2Fcomments&post=207409"}],"version-history":[{"count":0,"href":"https:\/\/archive.sana.sy\/es\/index.php?rest_route=\/wp\/v2\/posts\/207409\/revisions"}],"wp:featuredmedia":[{"embeddable":true,"href":"https:\/\/archive.sana.sy\/es\/index.php?rest_route=\/wp\/v2\/media\/207410"}],"wp:attachment":[{"href":"https:\/\/archive.sana.sy\/es\/index.php?rest_route=%2Fwp%2Fv2%2Fmedia&parent=207409"}],"wp:term":[{"taxonomy":"category","embeddable":true,"href":"https:\/\/archive.sana.sy\/es\/index.php?rest_route=%2Fwp%2Fv2%2Fcategories&post=207409"},{"taxonomy":"post_tag","embeddable":true,"href":"https:\/\/archive.sana.sy\/es\/index.php?rest_route=%2Fwp%2Fv2%2Ftags&post=207409"}],"curies":[{"name":"wp","href":"https:\/\/api.w.org\/{rel}","templated":true}]}}