{"id":20747,"date":"2015-04-04T21:07:01","date_gmt":"2015-04-04T18:07:01","guid":{"rendered":"http:\/\/www.sana.sy\/es\/?p=20747"},"modified":"2023-01-09T14:10:14","modified_gmt":"2023-01-09T12:10:14","slug":"una-reunion-masiva-en-homs-subraya-la-gran-importancia-de-la-unidad-nacional","status":"publish","type":"post","link":"https:\/\/archive.sana.sy\/es\/?p=20747","title":{"rendered":"Una reuni\u00f3n masiva en  Homs  subraya  la gran importancia de la unidad nacional"},"content":{"rendered":"<p style=\"text-align: justify\"><span style=\"color: #0000ff\">Homs-SANA<\/span><\/p>\n<p>Figuras populares, religiosas y oficiales y un gran n\u00famero de personas se reunieron este s\u00e1bado en la Universidad\u00a0 al-Wadi, en Wadi al-Nadara en la provincia Homs.<\/p>\n<p>Los participantes destacaron la importancia de la unidad nacional en la lucha contra el terrorismo y en la etapa de reconstrucci\u00f3n despu\u00e9s de la restauraci\u00f3n de la paz y la seguridad.<\/p>\n<p>El ministro del Interior, Mohammad Ibrahim al-Shaar destac\u00f3 la importancia de la conciliaci\u00f3n nacional,\u00a0 y confirm\u00f3 que el Estado no escatimar\u00e1 ning\u00fan esfuerzo para que estos procesos sean un \u00e9xito.<\/p>\n<p>A su vez, el gobernador\u00a0 de Homs, Talal al-Barazi, dijo que el evento tiene como objetivo el fortalecimiento de la unidad nacional y demostrar\u00a0 su papel en la lucha contra el terrorismo.<\/p>\n<p><span style=\"color: #800000\">M.Miri, Riad.Sh<\/span><\/p>\n","protected":false},"excerpt":{"rendered":"<p>Homs-SANA Figuras populares, religiosas y oficiales y un gran n\u00famero de personas se reunieron este s\u00e1bado en la Universidad\u00a0 al-Wadi, en Wadi al-Nadara en la provincia Homs. Los participantes destacaron la importancia de la unidad nacional en la lucha contra el terrorismo y en la etapa de reconstrucci\u00f3n despu\u00e9s de la restauraci\u00f3n de la paz &hellip;<\/p>\n","protected":false},"author":1,"featured_media":20748,"comment_status":"closed","ping_status":"closed","sticky":false,"template":"","format":"standard","meta":{"footnotes":""},"categories":[477,597,476],"tags":[4723],"class_list":["post-20747","post","type-post","status-publish","format-standard","has-post-thumbnail","","category-noticias-edulcorantes","category-cinta-de-noticias","category-locales","tag-una-reunion-masiva-en-homs-subraya-la-gran-importancia-de-la-unidad-nacional"],"_links":{"self":[{"href":"https:\/\/archive.sana.sy\/es\/index.php?rest_route=\/wp\/v2\/posts\/20747"}],"collection":[{"href":"https:\/\/archive.sana.sy\/es\/index.php?rest_route=\/wp\/v2\/posts"}],"about":[{"href":"https:\/\/archive.sana.sy\/es\/index.php?rest_route=\/wp\/v2\/types\/post"}],"author":[{"embeddable":true,"href":"https:\/\/archive.sana.sy\/es\/index.php?rest_route=\/wp\/v2\/users\/1"}],"replies":[{"embeddable":true,"href":"https:\/\/archive.sana.sy\/es\/index.php?rest_route=%2Fwp%2Fv2%2Fcomments&post=20747"}],"version-history":[{"count":0,"href":"https:\/\/archive.sana.sy\/es\/index.php?rest_route=\/wp\/v2\/posts\/20747\/revisions"}],"wp:featuredmedia":[{"embeddable":true,"href":"https:\/\/archive.sana.sy\/es\/index.php?rest_route=\/wp\/v2\/media\/20748"}],"wp:attachment":[{"href":"https:\/\/archive.sana.sy\/es\/index.php?rest_route=%2Fwp%2Fv2%2Fmedia&parent=20747"}],"wp:term":[{"taxonomy":"category","embeddable":true,"href":"https:\/\/archive.sana.sy\/es\/index.php?rest_route=%2Fwp%2Fv2%2Fcategories&post=20747"},{"taxonomy":"post_tag","embeddable":true,"href":"https:\/\/archive.sana.sy\/es\/index.php?rest_route=%2Fwp%2Fv2%2Ftags&post=20747"}],"curies":[{"name":"wp","href":"https:\/\/api.w.org\/{rel}","templated":true}]}}