{"id":207548,"date":"2021-11-28T15:46:38","date_gmt":"2021-11-28T13:46:38","guid":{"rendered":"http:\/\/107.6.182.27\/es\/?p=207548"},"modified":"2023-01-10T15:13:29","modified_gmt":"2023-01-10T13:13:29","slug":"siria-acoge-este-lunes-a-feria-de-productos-iranies-con-la-participacion-de-164-empresas","status":"publish","type":"post","link":"https:\/\/archive.sana.sy\/es\/?p=207548","title":{"rendered":"Siria acoge este lunes a Feria de Productos Iran\u00edes con la participaci\u00f3n de 164 empresas"},"content":{"rendered":"<p style=\"text-align: justify;\"><span style=\"color: #800000;\"><strong>Damasco, 28 nov (SANA)\u00a0 \u00a0 \u00a0 \u00a0\u00a0<\/strong> <\/span>Arrancar\u00e1 este lunes la Segunda Feria de Productos Iran\u00edes en el recinto ferial de Expo-Damasco, con la participaci\u00f3n de 164 empresas comerciales e industriales, adem\u00e1s de 70 figuras que representan agencias gubernamentales y del sector privado.<\/p>\n<p style=\"text-align: justify;\">Al margen del evento, se sostendr\u00e1n las reuniones de los comit\u00e9s Comercial e Industrial Conjuntos, el Foro de Oportunidades de Inversi\u00f3n y citas oficiales entre la delegaci\u00f3n iran\u00ed y las autoridades sirias.<\/p>\n<p style=\"text-align: justify;\">La feria constituyen una oportunidad para el encuentro entre empresarios sirios e iran\u00edes, y discutir las mejores formas de impulsar la cooperaci\u00f3n conjunta.<\/p>\n<p style=\"text-align: justify;\"><strong><span style=\"color: #0000ff;\">fm\/ed<\/span><\/strong><\/p>\n","protected":false},"excerpt":{"rendered":"<p>Damasco, 28 nov (SANA)\u00a0 \u00a0 \u00a0 \u00a0\u00a0 Arrancar\u00e1 este lunes la Segunda Feria de Productos Iran\u00edes en el recinto ferial de Expo-Damasco, con la participaci\u00f3n de 164 empresas comerciales e industriales, adem\u00e1s de 70 figuras que representan agencias gubernamentales y del sector privado. Al margen del evento, se sostendr\u00e1n las reuniones de los comit\u00e9s Comercial &hellip;<\/p>\n","protected":false},"author":32,"featured_media":207549,"comment_status":"closed","ping_status":"closed","sticky":false,"template":"","format":"standard","meta":{"footnotes":""},"categories":[477,597,16686,485,476,7541],"tags":[7161,2866],"class_list":["post-207548","post","type-post","status-publish","format-standard","has-post-thumbnail","","category-noticias-edulcorantes","category-cinta-de-noticias","category-economia","category-informes-negocios-y-finanzas","category-locales","category-ultimas-noticias","tag-damasco","tag-iran"],"_links":{"self":[{"href":"https:\/\/archive.sana.sy\/es\/index.php?rest_route=\/wp\/v2\/posts\/207548"}],"collection":[{"href":"https:\/\/archive.sana.sy\/es\/index.php?rest_route=\/wp\/v2\/posts"}],"about":[{"href":"https:\/\/archive.sana.sy\/es\/index.php?rest_route=\/wp\/v2\/types\/post"}],"author":[{"embeddable":true,"href":"https:\/\/archive.sana.sy\/es\/index.php?rest_route=\/wp\/v2\/users\/32"}],"replies":[{"embeddable":true,"href":"https:\/\/archive.sana.sy\/es\/index.php?rest_route=%2Fwp%2Fv2%2Fcomments&post=207548"}],"version-history":[{"count":0,"href":"https:\/\/archive.sana.sy\/es\/index.php?rest_route=\/wp\/v2\/posts\/207548\/revisions"}],"wp:featuredmedia":[{"embeddable":true,"href":"https:\/\/archive.sana.sy\/es\/index.php?rest_route=\/wp\/v2\/media\/207549"}],"wp:attachment":[{"href":"https:\/\/archive.sana.sy\/es\/index.php?rest_route=%2Fwp%2Fv2%2Fmedia&parent=207548"}],"wp:term":[{"taxonomy":"category","embeddable":true,"href":"https:\/\/archive.sana.sy\/es\/index.php?rest_route=%2Fwp%2Fv2%2Fcategories&post=207548"},{"taxonomy":"post_tag","embeddable":true,"href":"https:\/\/archive.sana.sy\/es\/index.php?rest_route=%2Fwp%2Fv2%2Ftags&post=207548"}],"curies":[{"name":"wp","href":"https:\/\/api.w.org\/{rel}","templated":true}]}}