{"id":207574,"date":"2021-11-28T19:23:19","date_gmt":"2021-11-28T17:23:19","guid":{"rendered":"http:\/\/107.6.182.27\/es\/?p=207574"},"modified":"2023-01-10T15:13:29","modified_gmt":"2023-01-10T13:13:29","slug":"continua-construccion-de-infraestructura-en-zonas-industriales-de-quneitra","status":"publish","type":"post","link":"https:\/\/archive.sana.sy\/es\/?p=207574","title":{"rendered":"Contin\u00faa construcci\u00f3n de infraestructura en zonas industriales de Quneitra"},"content":{"rendered":"<p style=\"text-align: justify;\"><span style=\"color: #800000;\"><strong>Quneitra, 28 nov (SANA)\u00a0 \u00a0 <\/strong><\/span>Las instituciones de servicios contin\u00faan la implementaci\u00f3n de obras de infraestructura para los complejos industriales de Al-Halas y Al-Herafieh, en la ciudad de Khan Arnaba, en la provincia de Quneitra.<\/p>\n<p style=\"text-align: justify;\">El ministro de Administraci\u00f3n Local y Medio Ambiente Husein Makhlouf, realiz\u00f3 un recorrido por los complejos antes mencionados y tambi\u00e9n por el Parque Tur\u00edstico de al-Gol\u00e1n en la presa de al-Mantra para estar al tanto de la progresi\u00f3n del trabajo.<\/p>\n<p style=\"text-align: justify;\">Durante su recorrido Makhlouf ratific\u00f3 el apoyo gubernamental a las zonas industriales y artesanales, y se esfuerza para superar los obst\u00e1culos.<\/p>\n<p style=\"text-align: justify;\">Indic\u00f3 que el gobierno est\u00e1 dispuesto a proporcionar facilitaciones a los industriales que concluyeron la construcci\u00f3n de sus instalaciones.<\/p>\n<p style=\"text-align: justify;\">Asimismo, el titular de Administraci\u00f3n Local resalt\u00f3 la importancia de concluir el trabajo en las zonas industriales y artesanales ya que proporcionar\u00e1n cientos de empleos.<\/p>\n<p style=\"text-align: justify;\"><strong>ah\/rsh<\/strong><\/p>\n","protected":false},"excerpt":{"rendered":"<p>Quneitra, 28 nov (SANA)\u00a0 \u00a0 Las instituciones de servicios contin\u00faan la implementaci\u00f3n de obras de infraestructura para los complejos industriales de Al-Halas y Al-Herafieh, en la ciudad de Khan Arnaba, en la provincia de Quneitra. El ministro de Administraci\u00f3n Local y Medio Ambiente Husein Makhlouf, realiz\u00f3 un recorrido por los complejos antes mencionados y tambi\u00e9n &hellip;<\/p>\n","protected":false},"author":30,"featured_media":207575,"comment_status":"closed","ping_status":"closed","sticky":false,"template":"","format":"standard","meta":{"footnotes":""},"categories":[597,16686,485,476,457],"tags":[20358,7173,6553],"class_list":["post-207574","post","type-post","status-publish","format-standard","has-post-thumbnail","","category-cinta-de-noticias","category-economia","category-informes-negocios-y-finanzas","category-locales","category-noticias-arabe-internacional-politica","tag-construccion","tag-quneitra","tag-siria"],"_links":{"self":[{"href":"https:\/\/archive.sana.sy\/es\/index.php?rest_route=\/wp\/v2\/posts\/207574"}],"collection":[{"href":"https:\/\/archive.sana.sy\/es\/index.php?rest_route=\/wp\/v2\/posts"}],"about":[{"href":"https:\/\/archive.sana.sy\/es\/index.php?rest_route=\/wp\/v2\/types\/post"}],"author":[{"embeddable":true,"href":"https:\/\/archive.sana.sy\/es\/index.php?rest_route=\/wp\/v2\/users\/30"}],"replies":[{"embeddable":true,"href":"https:\/\/archive.sana.sy\/es\/index.php?rest_route=%2Fwp%2Fv2%2Fcomments&post=207574"}],"version-history":[{"count":0,"href":"https:\/\/archive.sana.sy\/es\/index.php?rest_route=\/wp\/v2\/posts\/207574\/revisions"}],"wp:featuredmedia":[{"embeddable":true,"href":"https:\/\/archive.sana.sy\/es\/index.php?rest_route=\/wp\/v2\/media\/207575"}],"wp:attachment":[{"href":"https:\/\/archive.sana.sy\/es\/index.php?rest_route=%2Fwp%2Fv2%2Fmedia&parent=207574"}],"wp:term":[{"taxonomy":"category","embeddable":true,"href":"https:\/\/archive.sana.sy\/es\/index.php?rest_route=%2Fwp%2Fv2%2Fcategories&post=207574"},{"taxonomy":"post_tag","embeddable":true,"href":"https:\/\/archive.sana.sy\/es\/index.php?rest_route=%2Fwp%2Fv2%2Ftags&post=207574"}],"curies":[{"name":"wp","href":"https:\/\/api.w.org\/{rel}","templated":true}]}}