{"id":207603,"date":"2021-11-28T18:27:39","date_gmt":"2021-11-28T16:27:39","guid":{"rendered":"http:\/\/107.6.182.27\/es\/?p=207603"},"modified":"2023-01-10T15:13:29","modified_gmt":"2023-01-10T13:13:29","slug":"arranca-manana-conferencia-de-ciudades-y-zonas-industriales-arabes-en-damasco","status":"publish","type":"post","link":"https:\/\/archive.sana.sy\/es\/?p=207603","title":{"rendered":"Arranca ma\u00f1ana conferencia de Ciudades y Zonas Industriales \u00e1rabes en Damasco"},"content":{"rendered":"<p style=\"text-align: justify;\"><span style=\"color: #800000;\"><strong>Damasco, 28 nov (SANA)\u00a0 \u00a0 \u00a0<\/strong><\/span>Bajo los auspicios de la Secretar\u00eda General del Consejo de Unidad Econ\u00f3mica \u00c1rabe, la Uni\u00f3n \u00c1rabe de Ciudades y Zonas Industriales celebrar\u00e1 ma\u00f1ana en Damasco su 4\u00ba edici\u00f3n.<\/p>\n<p style=\"text-align: justify;\">Empresarios e inversores interesados en gestionar e invertir en ciudades industriales participan en la conferencia, que se celebra bajo el tema &#8220;Invertir en las ciudades industriales y su papel en lograr un cambio cualitativo en la estrategia de la industria \u00e1rabe&#8221;.<\/p>\n<p style=\"text-align: justify;\">Samer al-Hamou, secretario general de la Federaci\u00f3n \u00c1rabe de Ciudades y Zonas Industriales, dijo en una declaraci\u00f3n a SANA que la Uni\u00f3n eligi\u00f3 a Siria para celebrar la referida conferencia \u00e1rabe bas\u00e1ndose en la importante experiencia siria en la construcci\u00f3n de zonas industriales y su capacidad de ocupar una posici\u00f3n importante en la regi\u00f3n \u00e1rabe.<\/p>\n<p style=\"text-align: justify;\">Al-Hamou destac\u00f3 la existencia de grandes oportunidades de inversi\u00f3n en Siria respaldadas por una amplia gama de facilitaciones que est\u00e1n disponibles para los inversores y que podr\u00edan conducir a asociaciones y proyectos conjuntos.<\/p>\n<p style=\"text-align: justify;\">La Uni\u00f3n \u00c1rabe de Ciudades y Zonas Industriales se estableci\u00f3 en 2009 a petici\u00f3n de la Secretar\u00eda General con sede en Damasco dado el desarrollo alcanzado por las zonas industriales en esa capital.\u00a0 M\u00e1s tarde en 2020 el decreto legislativo No. 217 design\u00f3 a Siria como sede permanente de la Uni\u00f3n.<\/p>\n<p style=\"text-align: justify;\"><strong>ah\/rsh<\/strong><\/p>\n","protected":false},"excerpt":{"rendered":"<p>Damasco, 28 nov (SANA)\u00a0 \u00a0 \u00a0Bajo los auspicios de la Secretar\u00eda General del Consejo de Unidad Econ\u00f3mica \u00c1rabe, la Uni\u00f3n \u00c1rabe de Ciudades y Zonas Industriales celebrar\u00e1 ma\u00f1ana en Damasco su 4\u00ba edici\u00f3n. Empresarios e inversores interesados en gestionar e invertir en ciudades industriales participan en la conferencia, que se celebra bajo el tema &#8220;Invertir &hellip;<\/p>\n","protected":false},"author":30,"featured_media":207604,"comment_status":"closed","ping_status":"closed","sticky":false,"template":"","format":"standard","meta":{"footnotes":""},"categories":[597,16686,485,457,7541],"tags":[7161,19860,19786,20359,6553],"class_list":["post-207603","post","type-post","status-publish","format-standard","has-post-thumbnail","","category-cinta-de-noticias","category-economia","category-informes-negocios-y-finanzas","category-noticias-arabe-internacional-politica","category-ultimas-noticias","tag-damasco","tag-economia","tag-inversion","tag-oriente-proximo","tag-siria"],"_links":{"self":[{"href":"https:\/\/archive.sana.sy\/es\/index.php?rest_route=\/wp\/v2\/posts\/207603"}],"collection":[{"href":"https:\/\/archive.sana.sy\/es\/index.php?rest_route=\/wp\/v2\/posts"}],"about":[{"href":"https:\/\/archive.sana.sy\/es\/index.php?rest_route=\/wp\/v2\/types\/post"}],"author":[{"embeddable":true,"href":"https:\/\/archive.sana.sy\/es\/index.php?rest_route=\/wp\/v2\/users\/30"}],"replies":[{"embeddable":true,"href":"https:\/\/archive.sana.sy\/es\/index.php?rest_route=%2Fwp%2Fv2%2Fcomments&post=207603"}],"version-history":[{"count":0,"href":"https:\/\/archive.sana.sy\/es\/index.php?rest_route=\/wp\/v2\/posts\/207603\/revisions"}],"wp:featuredmedia":[{"embeddable":true,"href":"https:\/\/archive.sana.sy\/es\/index.php?rest_route=\/wp\/v2\/media\/207604"}],"wp:attachment":[{"href":"https:\/\/archive.sana.sy\/es\/index.php?rest_route=%2Fwp%2Fv2%2Fmedia&parent=207603"}],"wp:term":[{"taxonomy":"category","embeddable":true,"href":"https:\/\/archive.sana.sy\/es\/index.php?rest_route=%2Fwp%2Fv2%2Fcategories&post=207603"},{"taxonomy":"post_tag","embeddable":true,"href":"https:\/\/archive.sana.sy\/es\/index.php?rest_route=%2Fwp%2Fv2%2Ftags&post=207603"}],"curies":[{"name":"wp","href":"https:\/\/api.w.org\/{rel}","templated":true}]}}