{"id":20761,"date":"2015-04-05T16:45:59","date_gmt":"2015-04-05T13:45:59","guid":{"rendered":"http:\/\/www.sana.sy\/es\/?p=20761"},"modified":"2015-04-06T13:05:58","modified_gmt":"2015-04-06T10:05:58","slug":"las-celebraciones-de-la-fiesta-de-pascua-segun-el-calendario-occidental-se-limitan-a-oraciones-y-misas-debido-a-los-acontecimientos-ocurridos-en-el-pais","status":"publish","type":"post","link":"https:\/\/archive.sana.sy\/es\/?p=20761","title":{"rendered":"La comunidad cristiana cat\u00f3lica celebra las Pascuas en Siria"},"content":{"rendered":"<p><span style=\"color: #ff0000\">Provincias, SANA<\/span><\/p>\n<p>Las celebraciones de la fiesta de Pascua, fiesta de la resurrecci\u00f3n de Jesucristo, mensajero de amor y paz para los cristianos en Siria que siguen el calendario occidental, se limitaron a oraciones y misas debido a los acontecimientos ocurridos en Siria, y en homenaje a los m\u00e1rtires de la patria.<\/p>\n<p>En todas las misas oficiadas con esta sublime ocasi\u00f3n religiosa los patriarcas y obispos recalcaron en sus predicciones\u00a0 sobre la necesidad de continuar el proceso de reconciliaci\u00f3n y di\u00e1logo para sacar a Siria de su crisis.<\/p>\n<p>Asimismo resaltaron que la agresi\u00f3n librada contra Siria tiene como objetivo destruir la cuna de la civilizaci\u00f3n, y del amor, historia y resistencia que representa nuestro pa\u00eds.<\/p>\n<p>Tambi\u00e9n hicieron hincapi\u00e9 en que los cristianos de Siria se mantienen\u00a0 aferrados a su patria, enfatizando que los pa\u00edses que alegan la democracia son los mismos que brindan apoyo financiero y armament\u00edstico a los terroristas que violan las santidades y destruyen el pa\u00eds.<\/p>\n<p>Al concluir sus predicaciones los altos cl\u00e9rigos cristianos rezaron a Dios para que proteja a Siria, su ej\u00e9rcito y liderazgo, y restaure la paz y la seguridad en su territorio.<\/p>\n<p><span style=\"color: #0000ff\">Patriarca Yazigi llama los sirios a rezar por la paz en Siria<\/span><\/p>\n<p>Mientras en la Iglesia de Mar El\u00edas en Damasco se celebr\u00f3 una misa encabezada por el Patriarca greco-ortodoxo de Antioqu\u00eda y todo Oriente John X Yazigi con motivo del domingo de ramos.<\/p>\n<p>El patriarca Yazigi llam\u00f3 los sirios a rezar por la paz y seguridad en Siria.<\/p>\n<p>Asimismo se efectu\u00f3 una misa en la Iglesia de Antioqu\u00eda y todo Oriente para los siriacos-ortodoxos, encabezada por el Arzobispo Dionisio Jean cuco.<\/p>\n<p>&nbsp;<\/p>\n<div id='gallery-1' class='gallery galleryid-20761 gallery-columns-3 gallery-size-thumbnail'><figure class='gallery-item'>\n\t\t\t<div class='gallery-icon landscape'>\n\t\t\t\t<a href='https:\/\/archive.sana.sy\/es\/wp-content\/uploads\/2015\/04\/siriacos-catolicos.jpg'><img loading=\"lazy\" decoding=\"async\" width=\"150\" height=\"94\" src=\"https:\/\/archive.sana.sy\/es\/wp-content\/uploads\/2015\/04\/siriacos-catolicos-150x94.jpg\" class=\"attachment-thumbnail size-thumbnail\" alt=\"\" srcset=\"https:\/\/archive.sana.sy\/es\/wp-content\/uploads\/2015\/04\/siriacos-catolicos-150x94.jpg 150w, https:\/\/archive.sana.sy\/es\/wp-content\/uploads\/2015\/04\/siriacos-catolicos-300x188.jpg 300w, https:\/\/archive.sana.sy\/es\/wp-content\/uploads\/2015\/04\/siriacos-catolicos-1024x640.jpg 1024w\" sizes=\"(max-width: 150px) 100vw, 150px\" \/><\/a>\n\t\t\t<\/div><\/figure><figure class='gallery-item'>\n\t\t\t<div class='gallery-icon landscape'>\n\t\t\t\t<a href='https:\/\/archive.sana.sy\/es\/wp-content\/uploads\/2015\/04\/iglesia-mar-Elias-Duelaa.jpg'><img loading=\"lazy\" decoding=\"async\" width=\"150\" height=\"96\" src=\"https:\/\/archive.sana.sy\/es\/wp-content\/uploads\/2015\/04\/iglesia-mar-Elias-Duelaa-150x96.jpg\" class=\"attachment-thumbnail size-thumbnail\" alt=\"\" srcset=\"https:\/\/archive.sana.sy\/es\/wp-content\/uploads\/2015\/04\/iglesia-mar-Elias-Duelaa-150x96.jpg 150w, https:\/\/archive.sana.sy\/es\/wp-content\/uploads\/2015\/04\/iglesia-mar-Elias-Duelaa-300x192.jpg 300w, https:\/\/archive.sana.sy\/es\/wp-content\/uploads\/2015\/04\/iglesia-mar-Elias-Duelaa-1024x655.jpg 1024w\" sizes=\"(max-width: 150px) 100vw, 150px\" \/><\/a>\n\t\t\t<\/div><\/figure><figure class='gallery-item'>\n\t\t\t<div class='gallery-icon landscape'>\n\t\t\t\t<a href='https:\/\/archive.sana.sy\/es\/wp-content\/uploads\/2015\/04\/Mar-Elias-Duelaa.jpg'><img loading=\"lazy\" decoding=\"async\" width=\"150\" height=\"98\" src=\"https:\/\/archive.sana.sy\/es\/wp-content\/uploads\/2015\/04\/Mar-Elias-Duelaa-150x98.jpg\" class=\"attachment-thumbnail size-thumbnail\" alt=\"\" srcset=\"https:\/\/archive.sana.sy\/es\/wp-content\/uploads\/2015\/04\/Mar-Elias-Duelaa-150x98.jpg 150w, https:\/\/archive.sana.sy\/es\/wp-content\/uploads\/2015\/04\/Mar-Elias-Duelaa-300x197.jpg 300w, https:\/\/archive.sana.sy\/es\/wp-content\/uploads\/2015\/04\/Mar-Elias-Duelaa-1024x671.jpg 1024w\" sizes=\"(max-width: 150px) 100vw, 150px\" \/><\/a>\n\t\t\t<\/div><\/figure><figure class='gallery-item'>\n\t\t\t<div class='gallery-icon landscape'>\n\t\t\t\t<a href='https:\/\/archive.sana.sy\/es\/wp-content\/uploads\/2015\/04\/pascuas-armenios-catolicos.jpg'><img loading=\"lazy\" decoding=\"async\" width=\"150\" height=\"103\" src=\"https:\/\/archive.sana.sy\/es\/wp-content\/uploads\/2015\/04\/pascuas-armenios-catolicos-150x103.jpg\" class=\"attachment-thumbnail size-thumbnail\" alt=\"\" srcset=\"https:\/\/archive.sana.sy\/es\/wp-content\/uploads\/2015\/04\/pascuas-armenios-catolicos-150x103.jpg 150w, https:\/\/archive.sana.sy\/es\/wp-content\/uploads\/2015\/04\/pascuas-armenios-catolicos-300x207.jpg 300w, https:\/\/archive.sana.sy\/es\/wp-content\/uploads\/2015\/04\/pascuas-armenios-catolicos-1024x706.jpg 1024w\" sizes=\"(max-width: 150px) 100vw, 150px\" \/><\/a>\n\t\t\t<\/div><\/figure><figure class='gallery-item'>\n\t\t\t<div class='gallery-icon landscape'>\n\t\t\t\t<a href='https:\/\/archive.sana.sy\/es\/wp-content\/uploads\/2015\/04\/pascuas-en-Swaida.jpg'><img loading=\"lazy\" decoding=\"async\" width=\"150\" height=\"99\" src=\"https:\/\/archive.sana.sy\/es\/wp-content\/uploads\/2015\/04\/pascuas-en-Swaida-150x99.jpg\" class=\"attachment-thumbnail size-thumbnail\" alt=\"\" srcset=\"https:\/\/archive.sana.sy\/es\/wp-content\/uploads\/2015\/04\/pascuas-en-Swaida-150x99.jpg 150w, https:\/\/archive.sana.sy\/es\/wp-content\/uploads\/2015\/04\/pascuas-en-Swaida-300x199.jpg 300w, https:\/\/archive.sana.sy\/es\/wp-content\/uploads\/2015\/04\/pascuas-en-Swaida-1024x678.jpg 1024w\" sizes=\"(max-width: 150px) 100vw, 150px\" \/><\/a>\n\t\t\t<\/div><\/figure><figure class='gallery-item'>\n\t\t\t<div class='gallery-icon landscape'>\n\t\t\t\t<a href='https:\/\/archive.sana.sy\/es\/wp-content\/uploads\/2015\/04\/pascuas-iglesia-armenio-catolicos.jpg'><img loading=\"lazy\" decoding=\"async\" width=\"150\" height=\"107\" src=\"https:\/\/archive.sana.sy\/es\/wp-content\/uploads\/2015\/04\/pascuas-iglesia-armenio-catolicos-150x107.jpg\" class=\"attachment-thumbnail size-thumbnail\" alt=\"\" srcset=\"https:\/\/archive.sana.sy\/es\/wp-content\/uploads\/2015\/04\/pascuas-iglesia-armenio-catolicos-150x107.jpg 150w, https:\/\/archive.sana.sy\/es\/wp-content\/uploads\/2015\/04\/pascuas-iglesia-armenio-catolicos-300x214.jpg 300w, https:\/\/archive.sana.sy\/es\/wp-content\/uploads\/2015\/04\/pascuas-iglesia-armenio-catolicos-1024x731.jpg 1024w\" sizes=\"(max-width: 150px) 100vw, 150px\" \/><\/a>\n\t\t\t<\/div><\/figure><figure class='gallery-item'>\n\t\t\t<div class='gallery-icon landscape'>\n\t\t\t\t<a href='https:\/\/archive.sana.sy\/es\/wp-content\/uploads\/2015\/04\/pascuas-iglesia-evangelica.jpg'><img loading=\"lazy\" decoding=\"async\" width=\"150\" height=\"95\" src=\"https:\/\/archive.sana.sy\/es\/wp-content\/uploads\/2015\/04\/pascuas-iglesia-evangelica-150x95.jpg\" class=\"attachment-thumbnail size-thumbnail\" alt=\"\" srcset=\"https:\/\/archive.sana.sy\/es\/wp-content\/uploads\/2015\/04\/pascuas-iglesia-evangelica-150x95.jpg 150w, https:\/\/archive.sana.sy\/es\/wp-content\/uploads\/2015\/04\/pascuas-iglesia-evangelica-300x190.jpg 300w, https:\/\/archive.sana.sy\/es\/wp-content\/uploads\/2015\/04\/pascuas-iglesia-evangelica-1024x648.jpg 1024w\" sizes=\"(max-width: 150px) 100vw, 150px\" \/><\/a>\n\t\t\t<\/div><\/figure><figure class='gallery-item'>\n\t\t\t<div class='gallery-icon landscape'>\n\t\t\t\t<a href='https:\/\/archive.sana.sy\/es\/wp-content\/uploads\/2015\/04\/pascuas-Zaitun-2.jpg'><img loading=\"lazy\" decoding=\"async\" width=\"150\" height=\"97\" src=\"https:\/\/archive.sana.sy\/es\/wp-content\/uploads\/2015\/04\/pascuas-Zaitun-2-150x97.jpg\" class=\"attachment-thumbnail size-thumbnail\" alt=\"\" srcset=\"https:\/\/archive.sana.sy\/es\/wp-content\/uploads\/2015\/04\/pascuas-Zaitun-2-150x97.jpg 150w, https:\/\/archive.sana.sy\/es\/wp-content\/uploads\/2015\/04\/pascuas-Zaitun-2-300x194.jpg 300w, https:\/\/archive.sana.sy\/es\/wp-content\/uploads\/2015\/04\/pascuas-Zaitun-2-1024x664.jpg 1024w\" sizes=\"(max-width: 150px) 100vw, 150px\" \/><\/a>\n\t\t\t<\/div><\/figure><figure class='gallery-item'>\n\t\t\t<div class='gallery-icon landscape'>\n\t\t\t\t<a href='https:\/\/archive.sana.sy\/es\/wp-content\/uploads\/2015\/04\/pascuas-Zaitun.jpg'><img loading=\"lazy\" decoding=\"async\" width=\"150\" height=\"100\" src=\"https:\/\/archive.sana.sy\/es\/wp-content\/uploads\/2015\/04\/pascuas-Zaitun-150x100.jpg\" class=\"attachment-thumbnail size-thumbnail\" alt=\"\" srcset=\"https:\/\/archive.sana.sy\/es\/wp-content\/uploads\/2015\/04\/pascuas-Zaitun-150x100.jpg 150w, https:\/\/archive.sana.sy\/es\/wp-content\/uploads\/2015\/04\/pascuas-Zaitun-300x199.jpg 300w, https:\/\/archive.sana.sy\/es\/wp-content\/uploads\/2015\/04\/pascuas-Zaitun-1024x680.jpg 1024w\" sizes=\"(max-width: 150px) 100vw, 150px\" \/><\/a>\n\t\t\t<\/div><\/figure><figure class='gallery-item'>\n\t\t\t<div class='gallery-icon landscape'>\n\t\t\t\t<a href='https:\/\/archive.sana.sy\/es\/wp-content\/uploads\/2015\/04\/armenios-orotodoxos.jpg'><img loading=\"lazy\" decoding=\"async\" width=\"150\" height=\"100\" src=\"https:\/\/archive.sana.sy\/es\/wp-content\/uploads\/2015\/04\/armenios-orotodoxos-150x100.jpg\" class=\"attachment-thumbnail size-thumbnail\" alt=\"\" srcset=\"https:\/\/archive.sana.sy\/es\/wp-content\/uploads\/2015\/04\/armenios-orotodoxos-150x100.jpg 150w, https:\/\/archive.sana.sy\/es\/wp-content\/uploads\/2015\/04\/armenios-orotodoxos-300x200.jpg 300w, https:\/\/archive.sana.sy\/es\/wp-content\/uploads\/2015\/04\/armenios-orotodoxos-1024x681.jpg 1024w\" sizes=\"(max-width: 150px) 100vw, 150px\" \/><\/a>\n\t\t\t<\/div><\/figure>\n\t\t<\/div>\n\n<p><span style=\"color: #00ccff\">Hala B., Ryad Sh., Lynn A.-Yamil K<br \/>\n<\/span><\/p>\n","protected":false},"excerpt":{"rendered":"<p>Provincias, SANA Las celebraciones de la fiesta de Pascua, fiesta de la resurrecci\u00f3n de Jesucristo, mensajero de amor y paz para los cristianos en Siria que siguen el calendario occidental, se limitaron a oraciones y misas debido a los acontecimientos ocurridos en Siria, y en homenaje a los m\u00e1rtires de la patria. En todas las &hellip;<\/p>\n","protected":false},"author":1,"featured_media":20790,"comment_status":"closed","ping_status":"closed","sticky":false,"template":"","format":"standard","meta":{"footnotes":""},"categories":[477,476],"tags":[4727],"class_list":["post-20761","post","type-post","status-publish","format-standard","has-post-thumbnail","","category-noticias-edulcorantes","category-locales","tag-la-comunidad-cristiana-catolica-celebra-las-pascuas-en-siria"],"_links":{"self":[{"href":"https:\/\/archive.sana.sy\/es\/index.php?rest_route=\/wp\/v2\/posts\/20761"}],"collection":[{"href":"https:\/\/archive.sana.sy\/es\/index.php?rest_route=\/wp\/v2\/posts"}],"about":[{"href":"https:\/\/archive.sana.sy\/es\/index.php?rest_route=\/wp\/v2\/types\/post"}],"author":[{"embeddable":true,"href":"https:\/\/archive.sana.sy\/es\/index.php?rest_route=\/wp\/v2\/users\/1"}],"replies":[{"embeddable":true,"href":"https:\/\/archive.sana.sy\/es\/index.php?rest_route=%2Fwp%2Fv2%2Fcomments&post=20761"}],"version-history":[{"count":0,"href":"https:\/\/archive.sana.sy\/es\/index.php?rest_route=\/wp\/v2\/posts\/20761\/revisions"}],"wp:featuredmedia":[{"embeddable":true,"href":"https:\/\/archive.sana.sy\/es\/index.php?rest_route=\/wp\/v2\/media\/20790"}],"wp:attachment":[{"href":"https:\/\/archive.sana.sy\/es\/index.php?rest_route=%2Fwp%2Fv2%2Fmedia&parent=20761"}],"wp:term":[{"taxonomy":"category","embeddable":true,"href":"https:\/\/archive.sana.sy\/es\/index.php?rest_route=%2Fwp%2Fv2%2Fcategories&post=20761"},{"taxonomy":"post_tag","embeddable":true,"href":"https:\/\/archive.sana.sy\/es\/index.php?rest_route=%2Fwp%2Fv2%2Ftags&post=20761"}],"curies":[{"name":"wp","href":"https:\/\/api.w.org\/{rel}","templated":true}]}}