{"id":207670,"date":"2021-11-29T10:42:40","date_gmt":"2021-11-29T08:42:40","guid":{"rendered":"http:\/\/107.6.182.27\/es\/?p=207670"},"modified":"2021-11-29T19:53:22","modified_gmt":"2021-11-29T17:53:22","slug":"arranco-en-damasco-la-iv-conferencia-de-la-union-arabe-de-ciudades-y-zonas-industriales","status":"publish","type":"post","link":"https:\/\/archive.sana.sy\/es\/?p=207670","title":{"rendered":"Arranc\u00f3 en Damasco la IV Conferencia de la Uni\u00f3n \u00c1rabe de Ciudades y Zonas Industriales"},"content":{"rendered":"<p style=\"text-align: justify;\"><strong><span style=\"color: #800000;\">Damasco, 29 nov (SANA)\u00a0<\/span><\/strong> La cuarta Conferencia de la Uni\u00f3n \u00c1rabe de Ciudades y Zonas Industriales \u00c1rabes arranc\u00f3 hoy en el Hotel Dama Rose en Damascus, con la participaci\u00f3n de funcionarios, empresarios e inversores \u00e1rabes y sirios.<\/p>\n<p style=\"text-align: justify;\">En declaraciones a SANA la v\u00edspera, el secretario general de la Federaci\u00f3n \u00c1rabe de Ciudades y Zonas Industriales, Samer al-Hamou, dijo que la Uni\u00f3n eligi\u00f3 a Siria para celebrar este evento por su destacada experiencia siria en la construcci\u00f3n de zonas industriales y su capacidad de ocupar una posici\u00f3n importante en la regi\u00f3n \u00e1rabe.<\/p>\n<p style=\"text-align: justify;\">La Uni\u00f3n \u00c1rabe de Ciudades y Zonas Industriales se cre\u00f3 en 2009 con sede en Damasco dado el desarrollo alcanzado por las zonas industriales en Siria.<\/p>\n<p style=\"text-align: justify;\">En 2020, el decreto legislativo No. 217 design\u00f3 a Siria como sede permanente de la Uni\u00f3n.<\/p>\n<div id='gallery-1' class='gallery galleryid-207670 gallery-columns-1 gallery-size-full'><figure class='gallery-item'>\n\t\t\t<div class='gallery-icon landscape'>\n\t\t\t\t<a href='https:\/\/archive.sana.sy\/es\/?attachment_id=207673'><img loading=\"lazy\" decoding=\"async\" width=\"1280\" height=\"758\" src=\"https:\/\/archive.sana.sy\/es\/wp-content\/uploads\/2021\/11\/photo_2021-11-29_10-19-04-2.jpg\" class=\"attachment-full size-full\" alt=\"\" srcset=\"https:\/\/archive.sana.sy\/es\/wp-content\/uploads\/2021\/11\/photo_2021-11-29_10-19-04-2.jpg 1280w, https:\/\/archive.sana.sy\/es\/wp-content\/uploads\/2021\/11\/photo_2021-11-29_10-19-04-2-300x178.jpg 300w, https:\/\/archive.sana.sy\/es\/wp-content\/uploads\/2021\/11\/photo_2021-11-29_10-19-04-2-1024x606.jpg 1024w, https:\/\/archive.sana.sy\/es\/wp-content\/uploads\/2021\/11\/photo_2021-11-29_10-19-04-2-150x89.jpg 150w, https:\/\/archive.sana.sy\/es\/wp-content\/uploads\/2021\/11\/photo_2021-11-29_10-19-04-2-768x455.jpg 768w\" sizes=\"(max-width: 1280px) 100vw, 1280px\" \/><\/a>\n\t\t\t<\/div><\/figure><figure class='gallery-item'>\n\t\t\t<div class='gallery-icon landscape'>\n\t\t\t\t<a href='https:\/\/archive.sana.sy\/es\/?attachment_id=207674'><img loading=\"lazy\" decoding=\"async\" width=\"1280\" height=\"860\" src=\"https:\/\/archive.sana.sy\/es\/wp-content\/uploads\/2021\/11\/photo_2021-11-29_10-19-04.jpg\" class=\"attachment-full size-full\" alt=\"\" srcset=\"https:\/\/archive.sana.sy\/es\/wp-content\/uploads\/2021\/11\/photo_2021-11-29_10-19-04.jpg 1280w, https:\/\/archive.sana.sy\/es\/wp-content\/uploads\/2021\/11\/photo_2021-11-29_10-19-04-300x202.jpg 300w, https:\/\/archive.sana.sy\/es\/wp-content\/uploads\/2021\/11\/photo_2021-11-29_10-19-04-1024x688.jpg 1024w, https:\/\/archive.sana.sy\/es\/wp-content\/uploads\/2021\/11\/photo_2021-11-29_10-19-04-150x101.jpg 150w, https:\/\/archive.sana.sy\/es\/wp-content\/uploads\/2021\/11\/photo_2021-11-29_10-19-04-768x516.jpg 768w, https:\/\/archive.sana.sy\/es\/wp-content\/uploads\/2021\/11\/photo_2021-11-29_10-19-04-110x75.jpg 110w\" sizes=\"(max-width: 1280px) 100vw, 1280px\" \/><\/a>\n\t\t\t<\/div><\/figure><figure class='gallery-item'>\n\t\t\t<div class='gallery-icon landscape'>\n\t\t\t\t<a href='https:\/\/archive.sana.sy\/es\/?attachment_id=207675'><img loading=\"lazy\" decoding=\"async\" width=\"1280\" height=\"864\" src=\"https:\/\/archive.sana.sy\/es\/wp-content\/uploads\/2021\/11\/photo_2021-11-29_10-19-05.jpg\" class=\"attachment-full size-full\" alt=\"\" srcset=\"https:\/\/archive.sana.sy\/es\/wp-content\/uploads\/2021\/11\/photo_2021-11-29_10-19-05.jpg 1280w, https:\/\/archive.sana.sy\/es\/wp-content\/uploads\/2021\/11\/photo_2021-11-29_10-19-05-300x203.jpg 300w, https:\/\/archive.sana.sy\/es\/wp-content\/uploads\/2021\/11\/photo_2021-11-29_10-19-05-1024x691.jpg 1024w, https:\/\/archive.sana.sy\/es\/wp-content\/uploads\/2021\/11\/photo_2021-11-29_10-19-05-150x101.jpg 150w, https:\/\/archive.sana.sy\/es\/wp-content\/uploads\/2021\/11\/photo_2021-11-29_10-19-05-768x518.jpg 768w, https:\/\/archive.sana.sy\/es\/wp-content\/uploads\/2021\/11\/photo_2021-11-29_10-19-05-110x75.jpg 110w\" sizes=\"(max-width: 1280px) 100vw, 1280px\" \/><\/a>\n\t\t\t<\/div><\/figure>\n\t\t<\/div>\n\n<p style=\"text-align: justify;\"><strong><span style=\"color: #0000ff;\">fm\/ws<\/span><\/strong><\/p>\n","protected":false},"excerpt":{"rendered":"<p>Damasco, 29 nov (SANA)\u00a0 La cuarta Conferencia de la Uni\u00f3n \u00c1rabe de Ciudades y Zonas Industriales \u00c1rabes arranc\u00f3 hoy en el Hotel Dama Rose en Damascus, con la participaci\u00f3n de funcionarios, empresarios e inversores \u00e1rabes y sirios. En declaraciones a SANA la v\u00edspera, el secretario general de la Federaci\u00f3n \u00c1rabe de Ciudades y Zonas Industriales, &hellip;<\/p>\n","protected":false},"author":35,"featured_media":207671,"comment_status":"closed","ping_status":"closed","sticky":false,"template":"","format":"standard","meta":{"footnotes":""},"categories":[477,447,597,476,583],"tags":[19963,7161,6553,20380,20346],"class_list":["post-207670","post","type-post","status-publish","format-standard","has-post-thumbnail","","category-noticias-edulcorantes","category-local-politica","category-cinta-de-noticias","category-locales","category-slide","tag-conferencia","tag-damasco","tag-siria","tag-union-arabe","tag-zonas-industriales"],"_links":{"self":[{"href":"https:\/\/archive.sana.sy\/es\/index.php?rest_route=\/wp\/v2\/posts\/207670"}],"collection":[{"href":"https:\/\/archive.sana.sy\/es\/index.php?rest_route=\/wp\/v2\/posts"}],"about":[{"href":"https:\/\/archive.sana.sy\/es\/index.php?rest_route=\/wp\/v2\/types\/post"}],"author":[{"embeddable":true,"href":"https:\/\/archive.sana.sy\/es\/index.php?rest_route=\/wp\/v2\/users\/35"}],"replies":[{"embeddable":true,"href":"https:\/\/archive.sana.sy\/es\/index.php?rest_route=%2Fwp%2Fv2%2Fcomments&post=207670"}],"version-history":[{"count":0,"href":"https:\/\/archive.sana.sy\/es\/index.php?rest_route=\/wp\/v2\/posts\/207670\/revisions"}],"wp:featuredmedia":[{"embeddable":true,"href":"https:\/\/archive.sana.sy\/es\/index.php?rest_route=\/wp\/v2\/media\/207671"}],"wp:attachment":[{"href":"https:\/\/archive.sana.sy\/es\/index.php?rest_route=%2Fwp%2Fv2%2Fmedia&parent=207670"}],"wp:term":[{"taxonomy":"category","embeddable":true,"href":"https:\/\/archive.sana.sy\/es\/index.php?rest_route=%2Fwp%2Fv2%2Fcategories&post=207670"},{"taxonomy":"post_tag","embeddable":true,"href":"https:\/\/archive.sana.sy\/es\/index.php?rest_route=%2Fwp%2Fv2%2Ftags&post=207670"}],"curies":[{"name":"wp","href":"https:\/\/api.w.org\/{rel}","templated":true}]}}