{"id":207678,"date":"2021-11-29T19:00:15","date_gmt":"2021-11-29T17:00:15","guid":{"rendered":"http:\/\/107.6.182.27\/es\/?p=207678"},"modified":"2023-01-10T14:23:20","modified_gmt":"2023-01-10T12:23:20","slug":"continua-con-exito-el-proceso-de-reconciliacion-en-ciudad-de-al-mayadin-deir-ezzor","status":"publish","type":"post","link":"https:\/\/archive.sana.sy\/es\/?p=207678","title":{"rendered":"Contin\u00faa con \u00e9xito el proceso de reconciliaci\u00f3n en ciudad de Al-Mayadin\/Deir Ezzor"},"content":{"rendered":"<p style=\"text-align: justify;\"><strong><span style=\"color: #800000;\">Deir Ezzor, 29 nov (SANA)\u00a0<\/span><\/strong> El proceso de reconciliaci\u00f3n integral destinado a la normalizaci\u00f3n del estatus jur\u00eddico de los pr\u00f3fugos y militares fugitivos en la ciudad de al-Mayadin provincia de Deir Ezzor, contin\u00faa con \u00e9xito.<\/p>\n<p style=\"text-align: justify;\">La v\u00edspera, se inform\u00f3 que al menos 2,500 personas acudieron voluntariamente al centro de reconciliaci\u00f3n abierto desde el pasado jueves, para entregarse y beneficiarse de la amnist\u00eda.<\/p>\n<p style=\"text-align: justify;\">M\u00e1s de siete mil personas fueron indultados en el centro de reconciliaci\u00f3n establecido en la capital provincial desde el d\u00eda 14 del mes en curso.<\/p>\n<p style=\"text-align: justify;\">Un semejante proceso de aplic\u00f3 durante los meses de septiembre y octubre en Deraa y culmin\u00f3 con la pacificaci\u00f3n de esta provincia sure\u00f1a y la recuperaci\u00f3n del funcionamiento de las instituciones estatales.<\/p>\n<div id='gallery-1' class='gallery galleryid-207678 gallery-columns-1 gallery-size-full'><figure class='gallery-item'>\n\t\t\t<div class='gallery-icon landscape'>\n\t\t\t\t<a href='https:\/\/archive.sana.sy\/es\/?attachment_id=207679'><img loading=\"lazy\" decoding=\"async\" width=\"1280\" height=\"738\" src=\"https:\/\/archive.sana.sy\/es\/wp-content\/uploads\/2021\/11\/photo_2021-11-29_10-23-49.jpg\" class=\"attachment-full size-full\" alt=\"\" srcset=\"https:\/\/archive.sana.sy\/es\/wp-content\/uploads\/2021\/11\/photo_2021-11-29_10-23-49.jpg 1280w, https:\/\/archive.sana.sy\/es\/wp-content\/uploads\/2021\/11\/photo_2021-11-29_10-23-49-300x173.jpg 300w, https:\/\/archive.sana.sy\/es\/wp-content\/uploads\/2021\/11\/photo_2021-11-29_10-23-49-1024x590.jpg 1024w, https:\/\/archive.sana.sy\/es\/wp-content\/uploads\/2021\/11\/photo_2021-11-29_10-23-49-150x86.jpg 150w, https:\/\/archive.sana.sy\/es\/wp-content\/uploads\/2021\/11\/photo_2021-11-29_10-23-49-768x443.jpg 768w\" sizes=\"(max-width: 1280px) 100vw, 1280px\" \/><\/a>\n\t\t\t<\/div><\/figure><figure class='gallery-item'>\n\t\t\t<div class='gallery-icon landscape'>\n\t\t\t\t<a href='https:\/\/archive.sana.sy\/es\/?attachment_id=207680'><img loading=\"lazy\" decoding=\"async\" width=\"1280\" height=\"798\" src=\"https:\/\/archive.sana.sy\/es\/wp-content\/uploads\/2021\/11\/photo_2021-11-29_10-23-50.jpg\" class=\"attachment-full size-full\" alt=\"\" srcset=\"https:\/\/archive.sana.sy\/es\/wp-content\/uploads\/2021\/11\/photo_2021-11-29_10-23-50.jpg 1280w, https:\/\/archive.sana.sy\/es\/wp-content\/uploads\/2021\/11\/photo_2021-11-29_10-23-50-300x187.jpg 300w, https:\/\/archive.sana.sy\/es\/wp-content\/uploads\/2021\/11\/photo_2021-11-29_10-23-50-1024x638.jpg 1024w, https:\/\/archive.sana.sy\/es\/wp-content\/uploads\/2021\/11\/photo_2021-11-29_10-23-50-150x94.jpg 150w, https:\/\/archive.sana.sy\/es\/wp-content\/uploads\/2021\/11\/photo_2021-11-29_10-23-50-768x479.jpg 768w\" sizes=\"(max-width: 1280px) 100vw, 1280px\" \/><\/a>\n\t\t\t<\/div><\/figure><figure class='gallery-item'>\n\t\t\t<div class='gallery-icon landscape'>\n\t\t\t\t<a href='https:\/\/archive.sana.sy\/es\/?attachment_id=207681'><img loading=\"lazy\" decoding=\"async\" width=\"1280\" height=\"794\" src=\"https:\/\/archive.sana.sy\/es\/wp-content\/uploads\/2021\/11\/photo_2021-11-29_10-23-50-2.jpg\" class=\"attachment-full size-full\" alt=\"\" srcset=\"https:\/\/archive.sana.sy\/es\/wp-content\/uploads\/2021\/11\/photo_2021-11-29_10-23-50-2.jpg 1280w, https:\/\/archive.sana.sy\/es\/wp-content\/uploads\/2021\/11\/photo_2021-11-29_10-23-50-2-300x186.jpg 300w, https:\/\/archive.sana.sy\/es\/wp-content\/uploads\/2021\/11\/photo_2021-11-29_10-23-50-2-1024x635.jpg 1024w, https:\/\/archive.sana.sy\/es\/wp-content\/uploads\/2021\/11\/photo_2021-11-29_10-23-50-2-150x93.jpg 150w, https:\/\/archive.sana.sy\/es\/wp-content\/uploads\/2021\/11\/photo_2021-11-29_10-23-50-2-768x476.jpg 768w\" sizes=\"(max-width: 1280px) 100vw, 1280px\" \/><\/a>\n\t\t\t<\/div><\/figure><figure class='gallery-item'>\n\t\t\t<div class='gallery-icon landscape'>\n\t\t\t\t<a href='https:\/\/archive.sana.sy\/es\/?attachment_id=207682'><img loading=\"lazy\" decoding=\"async\" width=\"700\" height=\"410\" src=\"https:\/\/archive.sana.sy\/es\/wp-content\/uploads\/2021\/11\/002-4.jpg\" class=\"attachment-full size-full\" alt=\"\" srcset=\"https:\/\/archive.sana.sy\/es\/wp-content\/uploads\/2021\/11\/002-4.jpg 700w, https:\/\/archive.sana.sy\/es\/wp-content\/uploads\/2021\/11\/002-4-300x176.jpg 300w, https:\/\/archive.sana.sy\/es\/wp-content\/uploads\/2021\/11\/002-4-150x88.jpg 150w\" sizes=\"(max-width: 700px) 100vw, 700px\" \/><\/a>\n\t\t\t<\/div><\/figure>\n\t\t<\/div>\n\n<p><span style=\"color: #0000ff;\"><strong>fm\/ws<\/strong><\/span><\/p>\n","protected":false},"excerpt":{"rendered":"<p>Deir Ezzor, 29 nov (SANA)\u00a0 El proceso de reconciliaci\u00f3n integral destinado a la normalizaci\u00f3n del estatus jur\u00eddico de los pr\u00f3fugos y militares fugitivos en la ciudad de al-Mayadin provincia de Deir Ezzor, contin\u00faa con \u00e9xito. La v\u00edspera, se inform\u00f3 que al menos 2,500 personas acudieron voluntariamente al centro de reconciliaci\u00f3n abierto desde el pasado jueves, &hellip;<\/p>\n","protected":false},"author":35,"featured_media":207683,"comment_status":"closed","ping_status":"closed","sticky":false,"template":"","format":"standard","meta":{"footnotes":""},"categories":[477,447,597,476,7541],"tags":[10402,19695,20372],"class_list":["post-207678","post","type-post","status-publish","format-standard","has-post-thumbnail","","category-noticias-edulcorantes","category-local-politica","category-cinta-de-noticias","category-locales","category-ultimas-noticias","tag-deir-ezzor","tag-reconciliacion","tag-sana-al-mayadin"],"_links":{"self":[{"href":"https:\/\/archive.sana.sy\/es\/index.php?rest_route=\/wp\/v2\/posts\/207678"}],"collection":[{"href":"https:\/\/archive.sana.sy\/es\/index.php?rest_route=\/wp\/v2\/posts"}],"about":[{"href":"https:\/\/archive.sana.sy\/es\/index.php?rest_route=\/wp\/v2\/types\/post"}],"author":[{"embeddable":true,"href":"https:\/\/archive.sana.sy\/es\/index.php?rest_route=\/wp\/v2\/users\/35"}],"replies":[{"embeddable":true,"href":"https:\/\/archive.sana.sy\/es\/index.php?rest_route=%2Fwp%2Fv2%2Fcomments&post=207678"}],"version-history":[{"count":0,"href":"https:\/\/archive.sana.sy\/es\/index.php?rest_route=\/wp\/v2\/posts\/207678\/revisions"}],"wp:featuredmedia":[{"embeddable":true,"href":"https:\/\/archive.sana.sy\/es\/index.php?rest_route=\/wp\/v2\/media\/207683"}],"wp:attachment":[{"href":"https:\/\/archive.sana.sy\/es\/index.php?rest_route=%2Fwp%2Fv2%2Fmedia&parent=207678"}],"wp:term":[{"taxonomy":"category","embeddable":true,"href":"https:\/\/archive.sana.sy\/es\/index.php?rest_route=%2Fwp%2Fv2%2Fcategories&post=207678"},{"taxonomy":"post_tag","embeddable":true,"href":"https:\/\/archive.sana.sy\/es\/index.php?rest_route=%2Fwp%2Fv2%2Ftags&post=207678"}],"curies":[{"name":"wp","href":"https:\/\/api.w.org\/{rel}","templated":true}]}}