{"id":207726,"date":"2021-11-29T15:47:45","date_gmt":"2021-11-29T13:47:45","guid":{"rendered":"http:\/\/107.6.182.27\/es\/?p=207726"},"modified":"2023-01-10T14:23:21","modified_gmt":"2023-01-10T12:23:21","slug":"muere-un-ciudadano-por-ataque-del-ocupante-turco-en-hasakeh","status":"publish","type":"post","link":"https:\/\/archive.sana.sy\/es\/?p=207726","title":{"rendered":"Muere un ciudadano por ataque del ocupante turco en Hasakeh"},"content":{"rendered":"<p style=\"text-align: justify;\"><strong><span style=\"color: #800000;\">Hasakeh, 29 nov (SANA)\u00a0<\/span> <\/strong>\u00a0 Un ciudadano perdi\u00f3 la vida despu\u00e9s de haber sido golpeado deliberada y brutalmente por soldados de las fuerzas de ocupaci\u00f3n turcas en las cercan\u00edas de la aldea de al-Arada en el norte de Hasakeh.<\/p>\n<p style=\"text-align: justify;\">Activistas locales comunicaron a SANA que un ciudadano fue martirizado cuando soldados de la guardia fronteriza del r\u00e9gimen turco lo golpearon brutalmente y le rompieron el cuello en la aldea de al-Arada al norte de la localidad de Abu Rasen, cerca de la frontera turca.<\/p>\n<p style=\"text-align: justify;\">Esta medida forma parte de las pr\u00e1cticas criminales del r\u00e9gimen turco y sus mercenarios con el objetivo de imponer un cambio demogr\u00e1fico que sirva a sus ambiciones en la regi\u00f3n.<\/p>\n<p><strong><span style=\"color: #0000ff;\">ed\/rsh<\/span><\/strong><\/p>\n","protected":false},"excerpt":{"rendered":"<p>Hasakeh, 29 nov (SANA)\u00a0 \u00a0 Un ciudadano perdi\u00f3 la vida despu\u00e9s de haber sido golpeado deliberada y brutalmente por soldados de las fuerzas de ocupaci\u00f3n turcas en las cercan\u00edas de la aldea de al-Arada en el norte de Hasakeh. Activistas locales comunicaron a SANA que un ciudadano fue martirizado cuando soldados de la guardia fronteriza &hellip;<\/p>\n","protected":false},"author":32,"featured_media":207728,"comment_status":"closed","ping_status":"closed","sticky":false,"template":"","format":"standard","meta":{"footnotes":""},"categories":[447,477,597,476,457,7541],"tags":[20379,20378,16841],"class_list":["post-207726","post","type-post","status-publish","format-standard","has-post-thumbnail","","category-local-politica","category-noticias-edulcorantes","category-cinta-de-noticias","category-locales","category-noticias-arabe-internacional-politica","category-ultimas-noticias","tag-abu-rasen","tag-al-arada","tag-hasakeh"],"_links":{"self":[{"href":"https:\/\/archive.sana.sy\/es\/index.php?rest_route=\/wp\/v2\/posts\/207726"}],"collection":[{"href":"https:\/\/archive.sana.sy\/es\/index.php?rest_route=\/wp\/v2\/posts"}],"about":[{"href":"https:\/\/archive.sana.sy\/es\/index.php?rest_route=\/wp\/v2\/types\/post"}],"author":[{"embeddable":true,"href":"https:\/\/archive.sana.sy\/es\/index.php?rest_route=\/wp\/v2\/users\/32"}],"replies":[{"embeddable":true,"href":"https:\/\/archive.sana.sy\/es\/index.php?rest_route=%2Fwp%2Fv2%2Fcomments&post=207726"}],"version-history":[{"count":0,"href":"https:\/\/archive.sana.sy\/es\/index.php?rest_route=\/wp\/v2\/posts\/207726\/revisions"}],"wp:featuredmedia":[{"embeddable":true,"href":"https:\/\/archive.sana.sy\/es\/index.php?rest_route=\/wp\/v2\/media\/207728"}],"wp:attachment":[{"href":"https:\/\/archive.sana.sy\/es\/index.php?rest_route=%2Fwp%2Fv2%2Fmedia&parent=207726"}],"wp:term":[{"taxonomy":"category","embeddable":true,"href":"https:\/\/archive.sana.sy\/es\/index.php?rest_route=%2Fwp%2Fv2%2Fcategories&post=207726"},{"taxonomy":"post_tag","embeddable":true,"href":"https:\/\/archive.sana.sy\/es\/index.php?rest_route=%2Fwp%2Fv2%2Ftags&post=207726"}],"curies":[{"name":"wp","href":"https:\/\/api.w.org\/{rel}","templated":true}]}}