{"id":207733,"date":"2021-11-29T16:23:42","date_gmt":"2021-11-29T14:23:42","guid":{"rendered":"http:\/\/107.6.182.27\/es\/?p=207733"},"modified":"2023-01-10T15:13:28","modified_gmt":"2023-01-10T13:13:28","slug":"inaugurada-en-siria-la-segunda-feria-de-productos-iranies-fotos","status":"publish","type":"post","link":"https:\/\/archive.sana.sy\/es\/?p=207733","title":{"rendered":"Inaugurada en Siria la segunda Feria de Productos Iran\u00edes (+ fotos)"},"content":{"rendered":"<p style=\"text-align: justify;\"><strong><span style=\"color: #800000;\">Damasco, 29 nov (SANA)<\/span><\/strong> Inici\u00f3 este lunes la Segunda Feria de Productos Iran\u00edes en el recinto ferial de Expo-Damasco.<\/p>\n<p style=\"text-align: justify;\">Participan en este evento 164 empresas comerciales e industriales especializadas en la producci\u00f3n de herramientas agr\u00edcolas, equipos m\u00e9dicos y de petr\u00f3leo y gas, productos petroqu\u00edmicos, alimentos, textiles y equipos automotrices; adem\u00e1s de 70 figuras que representan agencias gubernamentales y del sector privado.<\/p>\n<p style=\"text-align: justify;\">Al margen del evento, se sostendr\u00e1n reuniones de los comit\u00e9s Comercial e Industrial Conjuntos, el Foro de Oportunidades de Inversi\u00f3n y citas oficiales entre la delegaci\u00f3n iran\u00ed y las autoridades sirias.<\/p>\n<p style=\"text-align: justify;\">La feria constituye una oportunidad para el encuentro entre empresarios sirios e iran\u00edes, y discutir las mejores formas de impulsar la cooperaci\u00f3n conjunta.<\/p>\n<p><span style=\"color: #000000;\">fm\/ed<\/span><\/p>\n<p><span style=\"color: #0000ff;\"><strong><span style=\"color: #800000;\">S\u00edganos por Telegram<\/span> <a href=\"https:\/\/t.me\/AgenciasiriaSANA\">https:\/\/t.me\/AgenciasiriaSANA<\/a><\/strong><\/span><\/p>\n<div id='gallery-1' class='gallery galleryid-207733 gallery-columns-1 gallery-size-full'><figure class='gallery-item'>\n\t\t\t<div class='gallery-icon landscape'>\n\t\t\t\t<a href='https:\/\/archive.sana.sy\/es\/wp-content\/uploads\/2021\/11\/photo_2021-11-29_16-05-58-2.jpg'><img loading=\"lazy\" decoding=\"async\" width=\"1280\" height=\"785\" src=\"https:\/\/archive.sana.sy\/es\/wp-content\/uploads\/2021\/11\/photo_2021-11-29_16-05-58-2.jpg\" class=\"attachment-full size-full\" alt=\"\" srcset=\"https:\/\/archive.sana.sy\/es\/wp-content\/uploads\/2021\/11\/photo_2021-11-29_16-05-58-2.jpg 1280w, https:\/\/archive.sana.sy\/es\/wp-content\/uploads\/2021\/11\/photo_2021-11-29_16-05-58-2-300x184.jpg 300w, https:\/\/archive.sana.sy\/es\/wp-content\/uploads\/2021\/11\/photo_2021-11-29_16-05-58-2-1024x628.jpg 1024w, https:\/\/archive.sana.sy\/es\/wp-content\/uploads\/2021\/11\/photo_2021-11-29_16-05-58-2-150x92.jpg 150w, https:\/\/archive.sana.sy\/es\/wp-content\/uploads\/2021\/11\/photo_2021-11-29_16-05-58-2-768x471.jpg 768w\" sizes=\"(max-width: 1280px) 100vw, 1280px\" \/><\/a>\n\t\t\t<\/div><\/figure><figure class='gallery-item'>\n\t\t\t<div class='gallery-icon landscape'>\n\t\t\t\t<a href='https:\/\/archive.sana.sy\/es\/wp-content\/uploads\/2021\/11\/photo_2021-11-29_16-06-02.jpg'><img loading=\"lazy\" decoding=\"async\" width=\"1280\" height=\"724\" src=\"https:\/\/archive.sana.sy\/es\/wp-content\/uploads\/2021\/11\/photo_2021-11-29_16-06-02.jpg\" class=\"attachment-full size-full\" alt=\"\" srcset=\"https:\/\/archive.sana.sy\/es\/wp-content\/uploads\/2021\/11\/photo_2021-11-29_16-06-02.jpg 1280w, https:\/\/archive.sana.sy\/es\/wp-content\/uploads\/2021\/11\/photo_2021-11-29_16-06-02-300x170.jpg 300w, https:\/\/archive.sana.sy\/es\/wp-content\/uploads\/2021\/11\/photo_2021-11-29_16-06-02-1024x579.jpg 1024w, https:\/\/archive.sana.sy\/es\/wp-content\/uploads\/2021\/11\/photo_2021-11-29_16-06-02-150x85.jpg 150w, https:\/\/archive.sana.sy\/es\/wp-content\/uploads\/2021\/11\/photo_2021-11-29_16-06-02-768x434.jpg 768w\" sizes=\"(max-width: 1280px) 100vw, 1280px\" \/><\/a>\n\t\t\t<\/div><\/figure><figure class='gallery-item'>\n\t\t\t<div class='gallery-icon landscape'>\n\t\t\t\t<a href='https:\/\/archive.sana.sy\/es\/wp-content\/uploads\/2021\/11\/photo_2021-11-29_16-05-58-1.jpg'><img loading=\"lazy\" decoding=\"async\" width=\"1280\" height=\"720\" src=\"https:\/\/archive.sana.sy\/es\/wp-content\/uploads\/2021\/11\/photo_2021-11-29_16-05-58-1.jpg\" class=\"attachment-full size-full\" alt=\"\" srcset=\"https:\/\/archive.sana.sy\/es\/wp-content\/uploads\/2021\/11\/photo_2021-11-29_16-05-58-1.jpg 1280w, https:\/\/archive.sana.sy\/es\/wp-content\/uploads\/2021\/11\/photo_2021-11-29_16-05-58-1-300x169.jpg 300w, https:\/\/archive.sana.sy\/es\/wp-content\/uploads\/2021\/11\/photo_2021-11-29_16-05-58-1-1024x576.jpg 1024w, https:\/\/archive.sana.sy\/es\/wp-content\/uploads\/2021\/11\/photo_2021-11-29_16-05-58-1-150x84.jpg 150w, https:\/\/archive.sana.sy\/es\/wp-content\/uploads\/2021\/11\/photo_2021-11-29_16-05-58-1-768x432.jpg 768w\" sizes=\"(max-width: 1280px) 100vw, 1280px\" \/><\/a>\n\t\t\t<\/div><\/figure>\n\t\t<\/div>\n\n","protected":false},"excerpt":{"rendered":"<p>Damasco, 29 nov (SANA) Inici\u00f3 este lunes la Segunda Feria de Productos Iran\u00edes en el recinto ferial de Expo-Damasco. Participan en este evento 164 empresas comerciales e industriales especializadas en la producci\u00f3n de herramientas agr\u00edcolas, equipos m\u00e9dicos y de petr\u00f3leo y gas, productos petroqu\u00edmicos, alimentos, textiles y equipos automotrices; adem\u00e1s de 70 figuras que representan &hellip;<\/p>\n","protected":false},"author":32,"featured_media":207734,"comment_status":"closed","ping_status":"closed","sticky":false,"template":"","format":"standard","meta":{"footnotes":""},"categories":[447,477,597,16686,485,476,583],"tags":[7161,2866,6553],"class_list":["post-207733","post","type-post","status-publish","format-standard","has-post-thumbnail","","category-local-politica","category-noticias-edulcorantes","category-cinta-de-noticias","category-economia","category-informes-negocios-y-finanzas","category-locales","category-slide","tag-damasco","tag-iran","tag-siria"],"_links":{"self":[{"href":"https:\/\/archive.sana.sy\/es\/index.php?rest_route=\/wp\/v2\/posts\/207733"}],"collection":[{"href":"https:\/\/archive.sana.sy\/es\/index.php?rest_route=\/wp\/v2\/posts"}],"about":[{"href":"https:\/\/archive.sana.sy\/es\/index.php?rest_route=\/wp\/v2\/types\/post"}],"author":[{"embeddable":true,"href":"https:\/\/archive.sana.sy\/es\/index.php?rest_route=\/wp\/v2\/users\/32"}],"replies":[{"embeddable":true,"href":"https:\/\/archive.sana.sy\/es\/index.php?rest_route=%2Fwp%2Fv2%2Fcomments&post=207733"}],"version-history":[{"count":0,"href":"https:\/\/archive.sana.sy\/es\/index.php?rest_route=\/wp\/v2\/posts\/207733\/revisions"}],"wp:featuredmedia":[{"embeddable":true,"href":"https:\/\/archive.sana.sy\/es\/index.php?rest_route=\/wp\/v2\/media\/207734"}],"wp:attachment":[{"href":"https:\/\/archive.sana.sy\/es\/index.php?rest_route=%2Fwp%2Fv2%2Fmedia&parent=207733"}],"wp:term":[{"taxonomy":"category","embeddable":true,"href":"https:\/\/archive.sana.sy\/es\/index.php?rest_route=%2Fwp%2Fv2%2Fcategories&post=207733"},{"taxonomy":"post_tag","embeddable":true,"href":"https:\/\/archive.sana.sy\/es\/index.php?rest_route=%2Fwp%2Fv2%2Ftags&post=207733"}],"curies":[{"name":"wp","href":"https:\/\/api.w.org\/{rel}","templated":true}]}}