{"id":207740,"date":"2021-11-29T18:43:37","date_gmt":"2021-11-29T16:43:37","guid":{"rendered":"http:\/\/107.6.182.27\/es\/?p=207740"},"modified":"2023-01-10T15:13:28","modified_gmt":"2023-01-10T13:13:28","slug":"damasco-acoge-la-iv-conferencia-de-la-union-arabe-de-ciudades-y-zonas-industriales","status":"publish","type":"post","link":"https:\/\/archive.sana.sy\/es\/?p=207740","title":{"rendered":"Damasco acoge la IV Conferencia de la Uni\u00f3n \u00c1rabe de Ciudades y Zonas Industriales"},"content":{"rendered":"<p style=\"text-align: justify;\"><strong><span style=\"color: #800000;\">Damasco, 29 nov (SANA)\u00a0 \u00a0\u00a0<\/span> <\/strong>La cuarta Conferencia de la Uni\u00f3n \u00c1rabe de Ciudades y Zonas Industriales \u00c1rabes arranc\u00f3 hoy en el Hotel Dama Rose en Damasco, con la participaci\u00f3n de funcionarios, empresarios e inversores \u00e1rabes y sirios.<\/p>\n<p style=\"text-align: justify;\"><img loading=\"lazy\" decoding=\"async\" class=\" wp-image-207742 alignleft\" src=\"http:\/\/107.6.182.27\/es\/wp-content\/uploads\/2021\/11\/WAZEEEER-300x185-1.jpg\" alt=\"\" width=\"245\" height=\"151\" srcset=\"https:\/\/archive.sana.sy\/es\/wp-content\/uploads\/2021\/11\/WAZEEEER-300x185-1.jpg 300w, https:\/\/archive.sana.sy\/es\/wp-content\/uploads\/2021\/11\/WAZEEEER-300x185-1-150x93.jpg 150w\" sizes=\"(max-width: 245px) 100vw, 245px\" \/>En su discurso durante la apertura, el ministro de Industria, Ziad Sabbagh, destac\u00f3 la necesidad de orientar la cooperaci\u00f3n econ\u00f3mica e industrial \u00e1rabe sobre la base del inter\u00e9s econ\u00f3mico de los pueblos \u00e1rabes y el consenso de la voluntad pol\u00edtica.<\/p>\n<p style=\"text-align: justify;\">Explic\u00f3 que las ciudades industriales se encuentran entre los proyectos de desarrollo del sector industrial m\u00e1s importantes y contribuyen a resolver los problemas sociales y econ\u00f3micos, atraer inversionistas locales y extranjeros y reducir el desempleo, la contaminaci\u00f3n y el costo de inversi\u00f3n mediante la cooperaci\u00f3n entre inversionistas para establecer los servicios necesarios para sus inversiones.<\/p>\n<p style=\"text-align: justify;\"><img loading=\"lazy\" decoding=\"async\" class=\" wp-image-207743 alignleft\" src=\"http:\/\/107.6.182.27\/es\/wp-content\/uploads\/2021\/11\/iii.jpg\" alt=\"\" width=\"226\" height=\"144\" srcset=\"https:\/\/archive.sana.sy\/es\/wp-content\/uploads\/2021\/11\/iii.jpg 300w, https:\/\/archive.sana.sy\/es\/wp-content\/uploads\/2021\/11\/iii-150x96.jpg 150w\" sizes=\"(max-width: 226px) 100vw, 226px\" \/>A su vez, el ministro iraqu\u00ed de Industria y Minerales, Manhal Aziz Al-Khabbaz, afirm\u00f3 que su pa\u00eds est\u00e1 trabajando para crear verdaderas alianzas \u00e1rabes para ampliar las perspectivas de la industria con el fin de preservar el equilibrio econ\u00f3mico y alcanzar las mejores f\u00f3rmulas, y beneficiarse de la experiencia de la econom\u00eda siria en el campo de las ciudades y \u00e1reas industriales.<\/p>\n<p style=\"text-align: justify;\">Mientras el presidente de la C\u00e1mara de Industria de Damasco, Samer Al-Debs, llam\u00f3 a los inversores \u00e1rabes a trabajar e invertir en Siria debido al entorno propicio, especialmente tras la emisi\u00f3n de la nueva ley de inversiones.<\/p>\n<p style=\"text-align: justify;\">La Uni\u00f3n \u00c1rabe de Ciudades y Zonas Industriales se cre\u00f3 en 2009 con sede en Damasco dado el desarrollo alcanzado por las zonas industriales en Siria.<\/p>\n<p style=\"text-align: justify;\">En 2020, el decreto legislativo No. 217 design\u00f3 a Siria como sede permanente de la Uni\u00f3n.<\/p>\n<p><span style=\"color: #000000;\">fm\/ed<\/span><\/p>\n<div id='gallery-1' class='gallery galleryid-207740 gallery-columns-1 gallery-size-full'><figure class='gallery-item'>\n\t\t\t<div class='gallery-icon landscape'>\n\t\t\t\t<a href='https:\/\/archive.sana.sy\/es\/wp-content\/uploads\/2021\/11\/DSC_8707-scaled.jpg'><img loading=\"lazy\" decoding=\"async\" width=\"2560\" height=\"1686\" src=\"https:\/\/archive.sana.sy\/es\/wp-content\/uploads\/2021\/11\/DSC_8707-scaled.jpg\" class=\"attachment-full size-full\" alt=\"\" srcset=\"https:\/\/archive.sana.sy\/es\/wp-content\/uploads\/2021\/11\/DSC_8707-scaled.jpg 2560w, https:\/\/archive.sana.sy\/es\/wp-content\/uploads\/2021\/11\/DSC_8707-300x198.jpg 300w, https:\/\/archive.sana.sy\/es\/wp-content\/uploads\/2021\/11\/DSC_8707-1024x675.jpg 1024w, https:\/\/archive.sana.sy\/es\/wp-content\/uploads\/2021\/11\/DSC_8707-150x99.jpg 150w, https:\/\/archive.sana.sy\/es\/wp-content\/uploads\/2021\/11\/DSC_8707-768x506.jpg 768w, https:\/\/archive.sana.sy\/es\/wp-content\/uploads\/2021\/11\/DSC_8707-1536x1012.jpg 1536w, https:\/\/archive.sana.sy\/es\/wp-content\/uploads\/2021\/11\/DSC_8707-2048x1349.jpg 2048w, https:\/\/archive.sana.sy\/es\/wp-content\/uploads\/2021\/11\/DSC_8707-310x205.jpg 310w\" sizes=\"(max-width: 2560px) 100vw, 2560px\" \/><\/a>\n\t\t\t<\/div><\/figure><figure class='gallery-item'>\n\t\t\t<div class='gallery-icon landscape'>\n\t\t\t\t<a href='https:\/\/archive.sana.sy\/es\/wp-content\/uploads\/2021\/11\/DSC_8711-scaled.jpg'><img loading=\"lazy\" decoding=\"async\" width=\"2560\" height=\"1545\" src=\"https:\/\/archive.sana.sy\/es\/wp-content\/uploads\/2021\/11\/DSC_8711-scaled.jpg\" class=\"attachment-full size-full\" alt=\"\" srcset=\"https:\/\/archive.sana.sy\/es\/wp-content\/uploads\/2021\/11\/DSC_8711-scaled.jpg 2560w, https:\/\/archive.sana.sy\/es\/wp-content\/uploads\/2021\/11\/DSC_8711-300x181.jpg 300w, https:\/\/archive.sana.sy\/es\/wp-content\/uploads\/2021\/11\/DSC_8711-1024x618.jpg 1024w, https:\/\/archive.sana.sy\/es\/wp-content\/uploads\/2021\/11\/DSC_8711-150x91.jpg 150w, https:\/\/archive.sana.sy\/es\/wp-content\/uploads\/2021\/11\/DSC_8711-768x463.jpg 768w, https:\/\/archive.sana.sy\/es\/wp-content\/uploads\/2021\/11\/DSC_8711-1536x927.jpg 1536w, https:\/\/archive.sana.sy\/es\/wp-content\/uploads\/2021\/11\/DSC_8711-2048x1236.jpg 2048w\" sizes=\"(max-width: 2560px) 100vw, 2560px\" \/><\/a>\n\t\t\t<\/div><\/figure><figure class='gallery-item'>\n\t\t\t<div class='gallery-icon landscape'>\n\t\t\t\t<a href='https:\/\/archive.sana.sy\/es\/wp-content\/uploads\/2021\/11\/DSC_8734-scaled.jpg'><img loading=\"lazy\" decoding=\"async\" width=\"2560\" height=\"1602\" src=\"https:\/\/archive.sana.sy\/es\/wp-content\/uploads\/2021\/11\/DSC_8734-scaled.jpg\" class=\"attachment-full size-full\" alt=\"\" srcset=\"https:\/\/archive.sana.sy\/es\/wp-content\/uploads\/2021\/11\/DSC_8734-scaled.jpg 2560w, https:\/\/archive.sana.sy\/es\/wp-content\/uploads\/2021\/11\/DSC_8734-300x188.jpg 300w, https:\/\/archive.sana.sy\/es\/wp-content\/uploads\/2021\/11\/DSC_8734-1024x641.jpg 1024w, https:\/\/archive.sana.sy\/es\/wp-content\/uploads\/2021\/11\/DSC_8734-150x94.jpg 150w, https:\/\/archive.sana.sy\/es\/wp-content\/uploads\/2021\/11\/DSC_8734-768x481.jpg 768w, https:\/\/archive.sana.sy\/es\/wp-content\/uploads\/2021\/11\/DSC_8734-1536x961.jpg 1536w, https:\/\/archive.sana.sy\/es\/wp-content\/uploads\/2021\/11\/DSC_8734-2048x1282.jpg 2048w\" sizes=\"(max-width: 2560px) 100vw, 2560px\" \/><\/a>\n\t\t\t<\/div><\/figure><figure class='gallery-item'>\n\t\t\t<div class='gallery-icon landscape'>\n\t\t\t\t<a href='https:\/\/archive.sana.sy\/es\/wp-content\/uploads\/2021\/11\/DSC_8862-scaled.jpg'><img loading=\"lazy\" decoding=\"async\" width=\"2560\" height=\"1626\" src=\"https:\/\/archive.sana.sy\/es\/wp-content\/uploads\/2021\/11\/DSC_8862-scaled.jpg\" class=\"attachment-full size-full\" alt=\"\" srcset=\"https:\/\/archive.sana.sy\/es\/wp-content\/uploads\/2021\/11\/DSC_8862-scaled.jpg 2560w, https:\/\/archive.sana.sy\/es\/wp-content\/uploads\/2021\/11\/DSC_8862-300x191.jpg 300w, https:\/\/archive.sana.sy\/es\/wp-content\/uploads\/2021\/11\/DSC_8862-1024x650.jpg 1024w, https:\/\/archive.sana.sy\/es\/wp-content\/uploads\/2021\/11\/DSC_8862-150x95.jpg 150w, https:\/\/archive.sana.sy\/es\/wp-content\/uploads\/2021\/11\/DSC_8862-768x488.jpg 768w, https:\/\/archive.sana.sy\/es\/wp-content\/uploads\/2021\/11\/DSC_8862-1536x975.jpg 1536w, https:\/\/archive.sana.sy\/es\/wp-content\/uploads\/2021\/11\/DSC_8862-2048x1301.jpg 2048w\" sizes=\"(max-width: 2560px) 100vw, 2560px\" \/><\/a>\n\t\t\t<\/div><\/figure><figure class='gallery-item'>\n\t\t\t<div class='gallery-icon landscape'>\n\t\t\t\t<a href='https:\/\/archive.sana.sy\/es\/wp-content\/uploads\/2021\/11\/\u0627\u0644\u062f\u0628\u0633-scaled.jpg'><img loading=\"lazy\" decoding=\"async\" width=\"2560\" height=\"1591\" src=\"https:\/\/archive.sana.sy\/es\/wp-content\/uploads\/2021\/11\/\u0627\u0644\u062f\u0628\u0633-scaled.jpg\" class=\"attachment-full size-full\" alt=\"\" srcset=\"https:\/\/archive.sana.sy\/es\/wp-content\/uploads\/2021\/11\/\u0627\u0644\u062f\u0628\u0633-scaled.jpg 2560w, https:\/\/archive.sana.sy\/es\/wp-content\/uploads\/2021\/11\/\u0627\u0644\u062f\u0628\u0633-300x186.jpg 300w, https:\/\/archive.sana.sy\/es\/wp-content\/uploads\/2021\/11\/\u0627\u0644\u062f\u0628\u0633-1024x636.jpg 1024w, https:\/\/archive.sana.sy\/es\/wp-content\/uploads\/2021\/11\/\u0627\u0644\u062f\u0628\u0633-150x93.jpg 150w, https:\/\/archive.sana.sy\/es\/wp-content\/uploads\/2021\/11\/\u0627\u0644\u062f\u0628\u0633-768x477.jpg 768w, https:\/\/archive.sana.sy\/es\/wp-content\/uploads\/2021\/11\/\u0627\u0644\u062f\u0628\u0633-1536x955.jpg 1536w, https:\/\/archive.sana.sy\/es\/wp-content\/uploads\/2021\/11\/\u0627\u0644\u062f\u0628\u0633-2048x1273.jpg 2048w\" sizes=\"(max-width: 2560px) 100vw, 2560px\" \/><\/a>\n\t\t\t<\/div><\/figure>\n\t\t<\/div>\n\n","protected":false},"excerpt":{"rendered":"<p>Damasco, 29 nov (SANA)\u00a0 \u00a0\u00a0 La cuarta Conferencia de la Uni\u00f3n \u00c1rabe de Ciudades y Zonas Industriales \u00c1rabes arranc\u00f3 hoy en el Hotel Dama Rose en Damasco, con la participaci\u00f3n de funcionarios, empresarios e inversores \u00e1rabes y sirios. En su discurso durante la apertura, el ministro de Industria, Ziad Sabbagh, destac\u00f3 la necesidad de orientar &hellip;<\/p>\n","protected":false},"author":32,"featured_media":207741,"comment_status":"closed","ping_status":"closed","sticky":false,"template":"","format":"standard","meta":{"footnotes":""},"categories":[477,447,597,16686,485,476,583],"tags":[7161,2866],"class_list":["post-207740","post","type-post","status-publish","format-standard","has-post-thumbnail","","category-noticias-edulcorantes","category-local-politica","category-cinta-de-noticias","category-economia","category-informes-negocios-y-finanzas","category-locales","category-slide","tag-damasco","tag-iran"],"_links":{"self":[{"href":"https:\/\/archive.sana.sy\/es\/index.php?rest_route=\/wp\/v2\/posts\/207740"}],"collection":[{"href":"https:\/\/archive.sana.sy\/es\/index.php?rest_route=\/wp\/v2\/posts"}],"about":[{"href":"https:\/\/archive.sana.sy\/es\/index.php?rest_route=\/wp\/v2\/types\/post"}],"author":[{"embeddable":true,"href":"https:\/\/archive.sana.sy\/es\/index.php?rest_route=\/wp\/v2\/users\/32"}],"replies":[{"embeddable":true,"href":"https:\/\/archive.sana.sy\/es\/index.php?rest_route=%2Fwp%2Fv2%2Fcomments&post=207740"}],"version-history":[{"count":0,"href":"https:\/\/archive.sana.sy\/es\/index.php?rest_route=\/wp\/v2\/posts\/207740\/revisions"}],"wp:featuredmedia":[{"embeddable":true,"href":"https:\/\/archive.sana.sy\/es\/index.php?rest_route=\/wp\/v2\/media\/207741"}],"wp:attachment":[{"href":"https:\/\/archive.sana.sy\/es\/index.php?rest_route=%2Fwp%2Fv2%2Fmedia&parent=207740"}],"wp:term":[{"taxonomy":"category","embeddable":true,"href":"https:\/\/archive.sana.sy\/es\/index.php?rest_route=%2Fwp%2Fv2%2Fcategories&post=207740"},{"taxonomy":"post_tag","embeddable":true,"href":"https:\/\/archive.sana.sy\/es\/index.php?rest_route=%2Fwp%2Fv2%2Ftags&post=207740"}],"curies":[{"name":"wp","href":"https:\/\/api.w.org\/{rel}","templated":true}]}}