{"id":207788,"date":"2021-11-29T22:04:44","date_gmt":"2021-11-29T20:04:44","guid":{"rendered":"http:\/\/107.6.182.27\/es\/?p=207788"},"modified":"2021-11-29T22:26:46","modified_gmt":"2021-11-29T20:26:46","slug":"debate-parlamento-el-desempeno-del-ministerio-de-electricidad","status":"publish","type":"post","link":"https:\/\/archive.sana.sy\/es\/?p=207788","title":{"rendered":"Parlamento debate  desempe\u00f1o del Ministerio de Electricidad"},"content":{"rendered":"<p style=\"text-align: justify;\"><strong><span style=\"color: #800000;\">Damasco, 29 nov (SANA)<\/span><\/strong>\u00a0 \u00a0La Asamblea del Pueblo (parlamento) discuti\u00f3 el desempe\u00f1o del Ministerio de Electricidad, en particular el tema del horario de cortes de luz en todas las gobernaciones y los proyectos de energ\u00edas renovables y alternativas.<\/p>\n<p style=\"text-align: justify;\">El ministro de Electricidad, Ghassan al-Zamil, explic\u00f3 que el Ministerio implementar\u00e1 a principios del pr\u00f3ximo a\u00f1o varios proyectos de energ\u00edas renovables solares y e\u00f3licas, de los cuales se espera generar casi 800 megavatios.<\/p>\n<p style=\"text-align: justify;\">Indic\u00f3 que actualmente se trabaja para modificar el precio de compra de la electricidad producida a partir de energ\u00edas renovables de alta tensi\u00f3n 230\/66 de los inversores.<\/p>\n<p style=\"text-align: justify;\">Agreg\u00f3 que se est\u00e1 preparando un proyecto de instrumento legislativo, con la participaci\u00f3n de todas las partes interesadas, destinado a regular las actividades y proyectos de energ\u00edas renovables y estimular a los inversores a establecer ese tipo de proyectos.<\/p>\n<p style=\"text-align: justify;\">Detall\u00f3 que el Ministerio garantiza laboratorios para confirmar la calidad de los suministros de energ\u00eda renovable importados a Siria.<\/p>\n<p style=\"text-align: justify;\">El titular destac\u00f3 que se trabaja para mejorar la alimentaci\u00f3n el\u00e9ctrica a trav\u00e9s de llevar a cabo varios proyectos pioneros que contribuir\u00e1n a suministrar la red el\u00e9ctrica con 400 megavatios a finales de este a\u00f1o.<\/p>\n<p style=\"text-align: justify;\">Se\u00f1al\u00f3 que hay dificultad para implementar los contratos celebrados por el Ministerio para las plantas el\u00e9ctricas, por lo que el mismo acudi\u00f3 a las l\u00edneas de cr\u00e9dito con pa\u00edses amigos.<\/p>\n<p style=\"text-align: justify;\">Remarc\u00f3 que, a pesar de las dificultades, se espera terminar la rehabilitaci\u00f3n del quinto grupo de la Central T\u00e9rmica de Alepo dentro de 65 d\u00edas.<\/p>\n<p style=\"text-align: justify;\">\u201cSe requiere sumas millonarias para la reconstrucci\u00f3n de la central de Muhradah que funciona con s\u00f3lo 20% de su capacidad, mientras el costo de rehabilitaci\u00f3n de las centrales que funcionan con fuel asciende a 260 millones de euros\u201d, revel\u00f3.<\/p>\n<p style=\"text-align: justify;\">rr\/fm<\/p>\n<p><span style=\"color: #0000ff;\"><strong><span style=\"color: #800000;\">S\u00edganos por Telegram<\/span> <a href=\"https:\/\/t.me\/AgenciasiriaSANA\">https:\/\/t.me\/AgenciasiriaSANA<\/a>\u00a0<\/strong><\/span><\/p>\n","protected":false},"excerpt":{"rendered":"<p>Damasco, 29 nov (SANA)\u00a0 \u00a0La Asamblea del Pueblo (parlamento) discuti\u00f3 el desempe\u00f1o del Ministerio de Electricidad, en particular el tema del horario de cortes de luz en todas las gobernaciones y los proyectos de energ\u00edas renovables y alternativas. El ministro de Electricidad, Ghassan al-Zamil, explic\u00f3 que el Ministerio implementar\u00e1 a principios del pr\u00f3ximo a\u00f1o varios &hellip;<\/p>\n","protected":false},"author":31,"featured_media":207789,"comment_status":"closed","ping_status":"closed","sticky":false,"template":"","format":"standard","meta":{"footnotes":""},"categories":[597,476,7541],"tags":[],"class_list":["post-207788","post","type-post","status-publish","format-standard","has-post-thumbnail","","category-cinta-de-noticias","category-locales","category-ultimas-noticias"],"_links":{"self":[{"href":"https:\/\/archive.sana.sy\/es\/index.php?rest_route=\/wp\/v2\/posts\/207788"}],"collection":[{"href":"https:\/\/archive.sana.sy\/es\/index.php?rest_route=\/wp\/v2\/posts"}],"about":[{"href":"https:\/\/archive.sana.sy\/es\/index.php?rest_route=\/wp\/v2\/types\/post"}],"author":[{"embeddable":true,"href":"https:\/\/archive.sana.sy\/es\/index.php?rest_route=\/wp\/v2\/users\/31"}],"replies":[{"embeddable":true,"href":"https:\/\/archive.sana.sy\/es\/index.php?rest_route=%2Fwp%2Fv2%2Fcomments&post=207788"}],"version-history":[{"count":0,"href":"https:\/\/archive.sana.sy\/es\/index.php?rest_route=\/wp\/v2\/posts\/207788\/revisions"}],"wp:featuredmedia":[{"embeddable":true,"href":"https:\/\/archive.sana.sy\/es\/index.php?rest_route=\/wp\/v2\/media\/207789"}],"wp:attachment":[{"href":"https:\/\/archive.sana.sy\/es\/index.php?rest_route=%2Fwp%2Fv2%2Fmedia&parent=207788"}],"wp:term":[{"taxonomy":"category","embeddable":true,"href":"https:\/\/archive.sana.sy\/es\/index.php?rest_route=%2Fwp%2Fv2%2Fcategories&post=207788"},{"taxonomy":"post_tag","embeddable":true,"href":"https:\/\/archive.sana.sy\/es\/index.php?rest_route=%2Fwp%2Fv2%2Ftags&post=207788"}],"curies":[{"name":"wp","href":"https:\/\/api.w.org\/{rel}","templated":true}]}}