{"id":207794,"date":"2021-11-29T19:20:27","date_gmt":"2021-11-29T17:20:27","guid":{"rendered":"http:\/\/107.6.182.27\/es\/?p=207794"},"modified":"2021-11-29T23:08:18","modified_gmt":"2021-11-29T21:08:18","slug":"siria-reafirma-que-la-opaq-se-convirtio-en-herramienta-de-manipulacion-politica","status":"publish","type":"post","link":"https:\/\/archive.sana.sy\/es\/?p=207794","title":{"rendered":"Siria reafirma que la OPAQ se convirti\u00f3 en herramienta de manipulaci\u00f3n pol\u00edtica"},"content":{"rendered":"<p style=\"text-align: justify;\"><strong><span style=\"color: #800000;\">La Haya, 29 nov (SANA)\u00a0<\/span> <\/strong>\u00a0El delegado permanente de Siria ante la Organizaci\u00f3n para la Prohibici\u00f3n de las Armas Qu\u00edmicas (OPAQ), el embajador Milad Attia, afirm\u00f3 que Siria enfrenta una campa\u00f1a de escepticismo y acusaciones falsas sin precedentes de no cooperar con la organizaci\u00f3n.<\/p>\n<p style=\"text-align: justify;\"><div class=\"box note  \"><div class=\"box-inner-block\"><i class=\"fa tie-shortcode-boxicon\"><\/i>\n\t\t\tSiria: algunos pa\u00edses obstaculicen los esfuerzos para establecer una zona libre de armas de destrucci\u00f3n masiva en el Oriente Medio\n\t\t\t<\/div><\/div>\n<p style=\"text-align: justify;\">Durante la sesi\u00f3n de apertura del 26\u00ba per\u00edodo de sesiones de la Conferencia de los Estados Partes en la Convenci\u00f3n sobre la Prohibici\u00f3n de las Armas Qu\u00edmicas en Viena, el embajador Attia manifest\u00f3 que \u201cla Rep\u00fablica \u00c1rabe Siria lamenta que los pa\u00edses patrocinadores del Tratado sobre No Proliferaci\u00f3n de Armas Nucleares obstaculizaran cualquier esfuerzo por establecer una zona libre de armas de destrucci\u00f3n masiva en el Oriente Medio, sencillamente para proteger a Israel y mantener a este Estado fuera de todo control internacional sobre sus instalaciones nucleares, qu\u00edmicas y biol\u00f3gicas\u201d.<\/p>\n<p style=\"text-align: justify;\">Advirti\u00f3 sobre el aumento de las amenazas terroristas qu\u00edmicas e hizo un llamado a todos los estados miembros de la Organizaci\u00f3n a fortalecer los esfuerzos internacionales para enfrentar esta amenaza real para la seguridad y estabilidad de los estados miembros.<\/p>\n<p style=\"text-align: justify;\"><div class=\"box note  \"><div class=\"box-inner-block\"><i class=\"fa tie-shortcode-boxicon\"><\/i>\n\t\t\tSiria: el comportamiento de algunos Estados alienta a los terroristas a cometer cr\u00edmenes\n\t\t\t<\/div><\/div>\n<p style=\"text-align: justify;\">&#8220;Siria confirma que el comportamiento de algunos Estados partes al encubrir los cr\u00edmenes y pr\u00e1cticas de grupos terroristas en Siria alent\u00f3 a estos terroristas a cometer cr\u00edmenes m\u00e1s atroces contra ciudadanos sirios y a preparar nuevos cr\u00edmenes utilizando materiales t\u00f3xicos para acusar al gobierno sirio&#8221;, dijo el delegado.<\/p>\n<p style=\"text-align: justify;\">Attia se\u00f1al\u00f3 que Siria se adhiri\u00f3 a la Convenci\u00f3n sobre Armas Qu\u00edmicas en 2013 de manera voluntaria y de buena fe, partiendo de su rechazo al uso de armas qu\u00edmicas por cualquier persona, en cualquier lugar y bajo cualquier circunstancia, y reiter\u00f3 que Siria implement\u00f3 fiel y cre\u00edblemente su decisi\u00f3n soberana de poner fin a su expediente qu\u00edmico.<\/p>\n<p style=\"text-align: justify;\">Seg\u00fan expres\u00f3 el diplom\u00e1tico, lo que enfrent\u00f3 Siria durante los \u00faltimos a\u00f1os dentro de la OPAQ plantea serias preguntas sobre la capacidad de esta Organizaci\u00f3n de llevar a cabo su mandato en virtud del acuerdo y de resistir las presiones de Estados Unidos y sus aliados occidentales.<\/p>\n<p style=\"text-align: justify;\">La Conferencia de los Estados Partes inici\u00f3 su labor en la sede de la Organizaci\u00f3n para la Prohibici\u00f3n de las Armas Qu\u00edmicas en La Haya, con la participaci\u00f3n de 193 pa\u00edses, incluida Siria, y continuar\u00e1 hasta el pr\u00f3ximo viernes.<\/p>\n<p style=\"text-align: justify;\">fm\/rr<\/p>\n<p><span style=\"color: #0000ff;\"><strong><span style=\"color: #800000;\">S\u00edganos por Telegram<\/span> <a href=\"https:\/\/t.me\/AgenciasiriaSANA\">https:\/\/t.me\/AgenciasiriaSANA<\/a>\u00a0<\/strong><\/span><\/p>\n","protected":false},"excerpt":{"rendered":"<p>La Haya, 29 nov (SANA)\u00a0 \u00a0El delegado permanente de Siria ante la Organizaci\u00f3n para la Prohibici\u00f3n de las Armas Qu\u00edmicas (OPAQ), el embajador Milad Attia, afirm\u00f3 que Siria enfrenta una campa\u00f1a de escepticismo y acusaciones falsas sin precedentes de no cooperar con la organizaci\u00f3n. Durante la sesi\u00f3n de apertura del 26\u00ba per\u00edodo de sesiones de &hellip;<\/p>\n","protected":false},"author":31,"featured_media":207795,"comment_status":"closed","ping_status":"closed","sticky":false,"template":"","format":"standard","meta":{"footnotes":""},"categories":[597,467,583],"tags":[],"class_list":["post-207794","post","type-post","status-publish","format-standard","has-post-thumbnail","","category-cinta-de-noticias","category-siria-y-el-mundo","category-slide"],"_links":{"self":[{"href":"https:\/\/archive.sana.sy\/es\/index.php?rest_route=\/wp\/v2\/posts\/207794"}],"collection":[{"href":"https:\/\/archive.sana.sy\/es\/index.php?rest_route=\/wp\/v2\/posts"}],"about":[{"href":"https:\/\/archive.sana.sy\/es\/index.php?rest_route=\/wp\/v2\/types\/post"}],"author":[{"embeddable":true,"href":"https:\/\/archive.sana.sy\/es\/index.php?rest_route=\/wp\/v2\/users\/31"}],"replies":[{"embeddable":true,"href":"https:\/\/archive.sana.sy\/es\/index.php?rest_route=%2Fwp%2Fv2%2Fcomments&post=207794"}],"version-history":[{"count":0,"href":"https:\/\/archive.sana.sy\/es\/index.php?rest_route=\/wp\/v2\/posts\/207794\/revisions"}],"wp:featuredmedia":[{"embeddable":true,"href":"https:\/\/archive.sana.sy\/es\/index.php?rest_route=\/wp\/v2\/media\/207795"}],"wp:attachment":[{"href":"https:\/\/archive.sana.sy\/es\/index.php?rest_route=%2Fwp%2Fv2%2Fmedia&parent=207794"}],"wp:term":[{"taxonomy":"category","embeddable":true,"href":"https:\/\/archive.sana.sy\/es\/index.php?rest_route=%2Fwp%2Fv2%2Fcategories&post=207794"},{"taxonomy":"post_tag","embeddable":true,"href":"https:\/\/archive.sana.sy\/es\/index.php?rest_route=%2Fwp%2Fv2%2Ftags&post=207794"}],"curies":[{"name":"wp","href":"https:\/\/api.w.org\/{rel}","templated":true}]}}