{"id":207798,"date":"2021-11-29T16:00:49","date_gmt":"2021-11-29T14:00:49","guid":{"rendered":"http:\/\/107.6.182.27\/es\/?p=207798"},"modified":"2021-11-29T23:07:52","modified_gmt":"2021-11-29T21:07:52","slug":"incendio-en-campamento-al-hol-provoca-lesiones-a-varios-desplazados","status":"publish","type":"post","link":"https:\/\/archive.sana.sy\/es\/?p=207798","title":{"rendered":"Incendio en campamento al-Hol provoca lesiones a varios desplazados"},"content":{"rendered":"<p style=\"text-align: justify;\"><span style=\"color: #800000;\"><strong>Hasakeh, 29 nov (SANA)\u00a0 \u00a0<\/strong><\/span>Un incendio estall\u00f3 hoy en el campamento al-Hol de desplazados, ubicado al este de la provincia nororiental de Hasakeh y controlado por la milicia proestadounidense \u201cFuerzas Democr\u00e1ticas de Siria\u201d (FDS).<\/p>\n<p style=\"text-align: justify;\">Activistas locales comunicaron a SANA que el incendio se produjo en la quinta secci\u00f3n del campamento y quem\u00f3 tres tiendas dentro del mismo, lo que caus\u00f3 heridas leves a varios de los reci\u00e9n llegados.<\/p>\n<p style=\"text-align: justify;\">\u201cEl incendio fue causado por la quema de un calentador que funciona con queroseno primitivamente refinado\u201d, detallaron.<\/p>\n<p style=\"text-align: justify;\">En agosto pasado, un incendio estall\u00f3 en el mismo campamento destruyendo 28 tiendas y provocando heridas a ni\u00f1os y mujeres.<\/p>\n<p style=\"text-align: justify;\">La milicia de FDS, con el apoyo de la ocupaci\u00f3n estadounidense, retiene a miles de desplazados dentro mencionado campamento en condiciones inhumanas.<\/p>\n<p style=\"text-align: justify;\">rr\/fm<\/p>\n<p><span style=\"color: #0000ff;\"><strong><span style=\"color: #800000;\">S\u00edganos por Telegram<\/span> <a href=\"https:\/\/t.me\/AgenciasiriaSANA\">https:\/\/t.me\/AgenciasiriaSANA<\/a>\u00a0<\/strong><\/span><\/p>\n","protected":false},"excerpt":{"rendered":"<p>Hasakeh, 29 nov (SANA)\u00a0 \u00a0Un incendio estall\u00f3 hoy en el campamento al-Hol de desplazados, ubicado al este de la provincia nororiental de Hasakeh y controlado por la milicia proestadounidense \u201cFuerzas Democr\u00e1ticas de Siria\u201d (FDS). Activistas locales comunicaron a SANA que el incendio se produjo en la quinta secci\u00f3n del campamento y quem\u00f3 tres tiendas dentro &hellip;<\/p>\n","protected":false},"author":31,"featured_media":207801,"comment_status":"closed","ping_status":"closed","sticky":false,"template":"","format":"standard","meta":{"footnotes":""},"categories":[597,573,7541],"tags":[],"class_list":["post-207798","post","type-post","status-publish","format-standard","has-post-thumbnail","","category-cinta-de-noticias","category-la-realidad-de-los-acontecimientos-en-siria","category-ultimas-noticias"],"_links":{"self":[{"href":"https:\/\/archive.sana.sy\/es\/index.php?rest_route=\/wp\/v2\/posts\/207798"}],"collection":[{"href":"https:\/\/archive.sana.sy\/es\/index.php?rest_route=\/wp\/v2\/posts"}],"about":[{"href":"https:\/\/archive.sana.sy\/es\/index.php?rest_route=\/wp\/v2\/types\/post"}],"author":[{"embeddable":true,"href":"https:\/\/archive.sana.sy\/es\/index.php?rest_route=\/wp\/v2\/users\/31"}],"replies":[{"embeddable":true,"href":"https:\/\/archive.sana.sy\/es\/index.php?rest_route=%2Fwp%2Fv2%2Fcomments&post=207798"}],"version-history":[{"count":0,"href":"https:\/\/archive.sana.sy\/es\/index.php?rest_route=\/wp\/v2\/posts\/207798\/revisions"}],"wp:featuredmedia":[{"embeddable":true,"href":"https:\/\/archive.sana.sy\/es\/index.php?rest_route=\/wp\/v2\/media\/207801"}],"wp:attachment":[{"href":"https:\/\/archive.sana.sy\/es\/index.php?rest_route=%2Fwp%2Fv2%2Fmedia&parent=207798"}],"wp:term":[{"taxonomy":"category","embeddable":true,"href":"https:\/\/archive.sana.sy\/es\/index.php?rest_route=%2Fwp%2Fv2%2Fcategories&post=207798"},{"taxonomy":"post_tag","embeddable":true,"href":"https:\/\/archive.sana.sy\/es\/index.php?rest_route=%2Fwp%2Fv2%2Ftags&post=207798"}],"curies":[{"name":"wp","href":"https:\/\/api.w.org\/{rel}","templated":true}]}}