{"id":207989,"date":"2021-12-01T10:13:49","date_gmt":"2021-12-01T08:13:49","guid":{"rendered":"http:\/\/107.6.182.27\/es\/?p=207989"},"modified":"2023-01-09T14:04:44","modified_gmt":"2023-01-09T12:04:44","slug":"reconstruyen-cinco-nuevas-escuelas-en-el-este-de-deir-ezzor","status":"publish","type":"post","link":"https:\/\/archive.sana.sy\/es\/?p=207989","title":{"rendered":"Reconstruyen cinco nuevas escuelas en el este de Deir Ezzor"},"content":{"rendered":"<p style=\"text-align: justify;\"><strong><span style=\"color: #800000;\">Deir Ezzor, 01 dic (SANA)\u00a0<\/span><\/strong> La Direcci\u00f3n de Educaci\u00f3n en la provincia de Deir Ezzor complet\u00f3 la rehabilitaci\u00f3n y mantenimiento de cinco escuelas en el este de la provincia oriental de Deir Ezzor, que sufrieron da\u00f1os graves por los ataques terroristas.<\/p>\n<p style=\"text-align: justify;\">El director de Educaci\u00f3n provincial, Jassem Al-Fraih, declar\u00f3 que se rehabilitaron las escuelas en cooperaci\u00f3n con organizaciones internacionales en las ciudades de Al-Mayadin y Dublan, y ya comenzaron a recibir a los alumnos.<\/p>\n<p style=\"text-align: justify;\">El n\u00famero de escuelas rehabitadas en Deir Ezzor ascendi\u00f3 a 27 durante el a\u00f1o en curso, detall\u00f3.<\/p>\n<div id='gallery-1' class='gallery galleryid-207989 gallery-columns-1 gallery-size-full'><figure class='gallery-item'>\n\t\t\t<div class='gallery-icon landscape'>\n\t\t\t\t<a href='https:\/\/archive.sana.sy\/es\/?attachment_id=207991'><img loading=\"lazy\" decoding=\"async\" width=\"1000\" height=\"639\" src=\"https:\/\/archive.sana.sy\/es\/wp-content\/uploads\/2021\/12\/photo_2021-11-30_19-30-22.jpg\" class=\"attachment-full size-full\" alt=\"\" srcset=\"https:\/\/archive.sana.sy\/es\/wp-content\/uploads\/2021\/12\/photo_2021-11-30_19-30-22.jpg 1000w, https:\/\/archive.sana.sy\/es\/wp-content\/uploads\/2021\/12\/photo_2021-11-30_19-30-22-300x192.jpg 300w, https:\/\/archive.sana.sy\/es\/wp-content\/uploads\/2021\/12\/photo_2021-11-30_19-30-22-150x96.jpg 150w, https:\/\/archive.sana.sy\/es\/wp-content\/uploads\/2021\/12\/photo_2021-11-30_19-30-22-768x491.jpg 768w\" sizes=\"(max-width: 1000px) 100vw, 1000px\" \/><\/a>\n\t\t\t<\/div><\/figure><figure class='gallery-item'>\n\t\t\t<div class='gallery-icon landscape'>\n\t\t\t\t<a href='https:\/\/archive.sana.sy\/es\/?attachment_id=207992'><img loading=\"lazy\" decoding=\"async\" width=\"973\" height=\"649\" src=\"https:\/\/archive.sana.sy\/es\/wp-content\/uploads\/2021\/12\/photo_2021-11-30_19-30-23.jpg\" class=\"attachment-full size-full\" alt=\"\" srcset=\"https:\/\/archive.sana.sy\/es\/wp-content\/uploads\/2021\/12\/photo_2021-11-30_19-30-23.jpg 973w, https:\/\/archive.sana.sy\/es\/wp-content\/uploads\/2021\/12\/photo_2021-11-30_19-30-23-300x200.jpg 300w, https:\/\/archive.sana.sy\/es\/wp-content\/uploads\/2021\/12\/photo_2021-11-30_19-30-23-150x100.jpg 150w, https:\/\/archive.sana.sy\/es\/wp-content\/uploads\/2021\/12\/photo_2021-11-30_19-30-23-768x512.jpg 768w\" sizes=\"(max-width: 973px) 100vw, 973px\" \/><\/a>\n\t\t\t<\/div><\/figure>\n\t\t<\/div>\n\n<p style=\"text-align: justify;\"><span style=\"color: #0000ff;\"><strong>ws\/fm<\/strong><\/span><\/p>\n","protected":false},"excerpt":{"rendered":"<p>Deir Ezzor, 01 dic (SANA)\u00a0 La Direcci\u00f3n de Educaci\u00f3n en la provincia de Deir Ezzor complet\u00f3 la rehabilitaci\u00f3n y mantenimiento de cinco escuelas en el este de la provincia oriental de Deir Ezzor, que sufrieron da\u00f1os graves por los ataques terroristas. El director de Educaci\u00f3n provincial, Jassem Al-Fraih, declar\u00f3 que se rehabilitaron las escuelas en &hellip;<\/p>\n","protected":false},"author":35,"featured_media":207990,"comment_status":"closed","ping_status":"closed","sticky":false,"template":"","format":"standard","meta":{"footnotes":""},"categories":[597,476,7541],"tags":[10402,19709,1347],"class_list":["post-207989","post","type-post","status-publish","format-standard","has-post-thumbnail","","category-cinta-de-noticias","category-locales","category-ultimas-noticias","tag-deir-ezzor","tag-escuelas","tag-sana"],"_links":{"self":[{"href":"https:\/\/archive.sana.sy\/es\/index.php?rest_route=\/wp\/v2\/posts\/207989"}],"collection":[{"href":"https:\/\/archive.sana.sy\/es\/index.php?rest_route=\/wp\/v2\/posts"}],"about":[{"href":"https:\/\/archive.sana.sy\/es\/index.php?rest_route=\/wp\/v2\/types\/post"}],"author":[{"embeddable":true,"href":"https:\/\/archive.sana.sy\/es\/index.php?rest_route=\/wp\/v2\/users\/35"}],"replies":[{"embeddable":true,"href":"https:\/\/archive.sana.sy\/es\/index.php?rest_route=%2Fwp%2Fv2%2Fcomments&post=207989"}],"version-history":[{"count":0,"href":"https:\/\/archive.sana.sy\/es\/index.php?rest_route=\/wp\/v2\/posts\/207989\/revisions"}],"wp:featuredmedia":[{"embeddable":true,"href":"https:\/\/archive.sana.sy\/es\/index.php?rest_route=\/wp\/v2\/media\/207990"}],"wp:attachment":[{"href":"https:\/\/archive.sana.sy\/es\/index.php?rest_route=%2Fwp%2Fv2%2Fmedia&parent=207989"}],"wp:term":[{"taxonomy":"category","embeddable":true,"href":"https:\/\/archive.sana.sy\/es\/index.php?rest_route=%2Fwp%2Fv2%2Fcategories&post=207989"},{"taxonomy":"post_tag","embeddable":true,"href":"https:\/\/archive.sana.sy\/es\/index.php?rest_route=%2Fwp%2Fv2%2Ftags&post=207989"}],"curies":[{"name":"wp","href":"https:\/\/api.w.org\/{rel}","templated":true}]}}