{"id":20803,"date":"2015-04-05T17:26:41","date_gmt":"2015-04-05T14:26:41","guid":{"rendered":"http:\/\/www.sana.sy\/es\/?p=20803"},"modified":"2015-04-05T20:27:26","modified_gmt":"2015-04-05T17:27:26","slug":"regimen-de-erdogan-detiene-34-militares-para-encubrir-su-implicacion-en-el-contrabando-de-armas-a-siria","status":"publish","type":"post","link":"https:\/\/archive.sana.sy\/es\/?p=20803","title":{"rendered":"R\u00e9gimen de Erdogan detiene 34 militares para encubrir su implicaci\u00f3n en el contrabando de armas a Siria"},"content":{"rendered":"<p>Estambul-SANA<\/p>\n<p>Las\u00a0 fuerzas de seguridad turcas arrestaron a 34 militares y empleados en el ej\u00e9rcito turco implicados en el caso relacionado con la confiscaci\u00f3n de camiones pertenecientes a los servicios de inteligencia turcos, los cuales transportaban armas a los terroristas en Siria en el mes de enero del pasado a\u00f1o.<\/p>\n<p>Medios de comunicaci\u00f3n turcos informaron que las detenciones se produjeron tras una decisi\u00f3n de la Fiscal\u00eda de Estambul, dominada por el Partido de la Justicia y el Desarrollo gobernante.<\/p>\n<p>Cabe recordar que el Fiscal general Aziz Takja\u00a0 tras su destituci\u00f3n confirm\u00f3 que el gobernador de Adana asegur\u00f3 que esos veh\u00edculos en realidad pertenecen a los servicios de inteligencia turcos y que Erdogan es quien lo llam\u00f3 en aquel entonces y le pregunt\u00f3 ponerlos en libertad de inmediato.<\/p>\n<p>Yamil K.<\/p>\n","protected":false},"excerpt":{"rendered":"<p>Estambul-SANA Las\u00a0 fuerzas de seguridad turcas arrestaron a 34 militares y empleados en el ej\u00e9rcito turco implicados en el caso relacionado con la confiscaci\u00f3n de camiones pertenecientes a los servicios de inteligencia turcos, los cuales transportaban armas a los terroristas en Siria en el mes de enero del pasado a\u00f1o. Medios de comunicaci\u00f3n turcos informaron &hellip;<\/p>\n","protected":false},"author":1,"featured_media":20804,"comment_status":"closed","ping_status":"closed","sticky":false,"template":"","format":"standard","meta":{"footnotes":""},"categories":[456,457,576],"tags":[],"class_list":["post-20803","post","type-post","status-publish","format-standard","has-post-thumbnail","","category-arabe-internacional-politica","category-noticias-arabe-internacional-politica","category-noticias-politicas"],"_links":{"self":[{"href":"https:\/\/archive.sana.sy\/es\/index.php?rest_route=\/wp\/v2\/posts\/20803"}],"collection":[{"href":"https:\/\/archive.sana.sy\/es\/index.php?rest_route=\/wp\/v2\/posts"}],"about":[{"href":"https:\/\/archive.sana.sy\/es\/index.php?rest_route=\/wp\/v2\/types\/post"}],"author":[{"embeddable":true,"href":"https:\/\/archive.sana.sy\/es\/index.php?rest_route=\/wp\/v2\/users\/1"}],"replies":[{"embeddable":true,"href":"https:\/\/archive.sana.sy\/es\/index.php?rest_route=%2Fwp%2Fv2%2Fcomments&post=20803"}],"version-history":[{"count":0,"href":"https:\/\/archive.sana.sy\/es\/index.php?rest_route=\/wp\/v2\/posts\/20803\/revisions"}],"wp:featuredmedia":[{"embeddable":true,"href":"https:\/\/archive.sana.sy\/es\/index.php?rest_route=\/wp\/v2\/media\/20804"}],"wp:attachment":[{"href":"https:\/\/archive.sana.sy\/es\/index.php?rest_route=%2Fwp%2Fv2%2Fmedia&parent=20803"}],"wp:term":[{"taxonomy":"category","embeddable":true,"href":"https:\/\/archive.sana.sy\/es\/index.php?rest_route=%2Fwp%2Fv2%2Fcategories&post=20803"},{"taxonomy":"post_tag","embeddable":true,"href":"https:\/\/archive.sana.sy\/es\/index.php?rest_route=%2Fwp%2Fv2%2Ftags&post=20803"}],"curies":[{"name":"wp","href":"https:\/\/api.w.org\/{rel}","templated":true}]}}