{"id":208195,"date":"2021-12-02T17:49:05","date_gmt":"2021-12-02T15:49:05","guid":{"rendered":"http:\/\/107.6.182.27\/es\/?p=208195"},"modified":"2021-12-02T20:34:25","modified_gmt":"2021-12-02T18:34:25","slug":"vecinos-del-golan-ratifican-la-identidad-de-sus-tierras-en-virtud-de-la-legalidad-internacional","status":"publish","type":"post","link":"https:\/\/archive.sana.sy\/es\/?p=208195","title":{"rendered":"Poblaci\u00f3n del Gol\u00e1n sirio ocupado ratifica apego a su identidad"},"content":{"rendered":"<p style=\"text-align: justify;\"><span style=\"color: #800000;\"><strong>Gol\u00e1n ocupado, 02 dic (SANA)\u00a0 \u00a0<\/strong><\/span>Los golaneses reafirmaron hoy que el Gol\u00e1n es y sigue siendo \u00e1rabe sirio y la resoluci\u00f3n de la Asamblea General de la ONU confirma esta realidad.<\/p>\n<p style=\"text-align: justify;\">\u201cNuestra firme posici\u00f3n frente a la ocupaci\u00f3n israel\u00ed siempre ha sido el pilar de cualquier resoluci\u00f3n de la ONU, acompa\u00f1ada tambi\u00e9n por la presi\u00f3n diplom\u00e1tica siria\u201d, ratificaron.<\/p>\n<p style=\"text-align: justify;\">El prisionero liberado, Bashar al-Maqt, dijo en una declaraci\u00f3n a SANA, que el mundo entero rechaza las acciones de la entidad sionista en el Gol\u00e1n ocupado, y agreg\u00f3: \u201cmantendremos nuestra confianza en el nuestro pueblo y nuestro sabio liderazgo representado por el presidente Bashar al-Assad y nuestro ej\u00e9rcito \u00e1rabe sirio\u201d.<\/p>\n<p style=\"text-align: justify;\">Por su parte, el prisionero liberado Hisham Shaalan dijo que la \u00faltima resoluci\u00f3n de la ONU sobre el Gol\u00e1n ratifica el derecho sirio a recuperarlo y consider\u00f3 que estas resoluciones siguen siendo ineficaces mientras no se apliquen sobre el terreno.<\/p>\n<p style=\"text-align: justify;\">La Asamblea General de la ONU adopt\u00f3 nuevamente una resoluci\u00f3n que exige a la entidad de ocupaci\u00f3n israel\u00ed que se retire completamente del Gol\u00e1n sirio ocupado hasta la l\u00ednea del 4 de junio de 1967 de conformidad con las resoluciones pertinentes del Consejo de Seguridad.<\/p>\n<p style=\"text-align: justify;\"><strong>ah\/rsh\/fm<\/strong><\/p>\n","protected":false},"excerpt":{"rendered":"<p>Gol\u00e1n ocupado, 02 dic (SANA)\u00a0 \u00a0Los golaneses reafirmaron hoy que el Gol\u00e1n es y sigue siendo \u00e1rabe sirio y la resoluci\u00f3n de la Asamblea General de la ONU confirma esta realidad. \u201cNuestra firme posici\u00f3n frente a la ocupaci\u00f3n israel\u00ed siempre ha sido el pilar de cualquier resoluci\u00f3n de la ONU, acompa\u00f1ada tambi\u00e9n por la presi\u00f3n &hellip;<\/p>\n","protected":false},"author":30,"featured_media":208196,"comment_status":"closed","ping_status":"closed","sticky":false,"template":"","format":"standard","meta":{"footnotes":""},"categories":[597,476,457,583],"tags":[20407,7204,8799,6553],"class_list":["post-208195","post","type-post","status-publish","format-standard","has-post-thumbnail","","category-cinta-de-noticias","category-locales","category-noticias-arabe-internacional-politica","category-slide","tag-golan-ocupado","tag-israel","tag-onu","tag-siria"],"_links":{"self":[{"href":"https:\/\/archive.sana.sy\/es\/index.php?rest_route=\/wp\/v2\/posts\/208195"}],"collection":[{"href":"https:\/\/archive.sana.sy\/es\/index.php?rest_route=\/wp\/v2\/posts"}],"about":[{"href":"https:\/\/archive.sana.sy\/es\/index.php?rest_route=\/wp\/v2\/types\/post"}],"author":[{"embeddable":true,"href":"https:\/\/archive.sana.sy\/es\/index.php?rest_route=\/wp\/v2\/users\/30"}],"replies":[{"embeddable":true,"href":"https:\/\/archive.sana.sy\/es\/index.php?rest_route=%2Fwp%2Fv2%2Fcomments&post=208195"}],"version-history":[{"count":0,"href":"https:\/\/archive.sana.sy\/es\/index.php?rest_route=\/wp\/v2\/posts\/208195\/revisions"}],"wp:featuredmedia":[{"embeddable":true,"href":"https:\/\/archive.sana.sy\/es\/index.php?rest_route=\/wp\/v2\/media\/208196"}],"wp:attachment":[{"href":"https:\/\/archive.sana.sy\/es\/index.php?rest_route=%2Fwp%2Fv2%2Fmedia&parent=208195"}],"wp:term":[{"taxonomy":"category","embeddable":true,"href":"https:\/\/archive.sana.sy\/es\/index.php?rest_route=%2Fwp%2Fv2%2Fcategories&post=208195"},{"taxonomy":"post_tag","embeddable":true,"href":"https:\/\/archive.sana.sy\/es\/index.php?rest_route=%2Fwp%2Fv2%2Ftags&post=208195"}],"curies":[{"name":"wp","href":"https:\/\/api.w.org\/{rel}","templated":true}]}}