{"id":208201,"date":"2021-12-02T17:56:44","date_gmt":"2021-12-02T15:56:44","guid":{"rendered":"http:\/\/107.6.182.27\/es\/?p=208201"},"modified":"2021-12-02T20:46:43","modified_gmt":"2021-12-02T18:46:43","slug":"dos-jovenes-resultan-heridos-por-el-estallido-de-mina-remanente-de-daesh-en-homs","status":"publish","type":"post","link":"https:\/\/archive.sana.sy\/es\/?p=208201","title":{"rendered":"Dos j\u00f3venes resultan heridos por el estallido de mina remanente de Daesh en Homs"},"content":{"rendered":"<p style=\"text-align: justify;\"><span style=\"color: #800000;\"><strong>Homs, 02 dic (SANA)\u00a0 \u00a0<\/strong><\/span>Dos j\u00f3venes resultaron gravemente heridos por el estallido de una mina remanente de los terroristas de la organizaci\u00f3n Daesh en el este de la provincia central de Homs.<\/p>\n<p style=\"text-align: justify;\">Seg\u00fan informaron fuentes locales a nuestro corresponsal, la mina explot\u00f3 al paso de los j\u00f3venes que caminaban en tierras agr\u00edcolas en la zona de las monta\u00f1as de al-Shumriyah, lo que les caus\u00f3 graves heridas\u201d.<\/p>\n<p style=\"text-align: justify;\">El 19 de noviembre pasado, dos ni\u00f1os murieron y otros dos resultaron heridos por explosi\u00f3n de una mina remanente de Daesh en la zona de Yamiyat en Palmira.<\/p>\n<p style=\"text-align: justify;\"><em>ah\/rsh\/fm<\/em><\/p>\n","protected":false},"excerpt":{"rendered":"<p>Homs, 02 dic (SANA)\u00a0 \u00a0Dos j\u00f3venes resultaron gravemente heridos por el estallido de una mina remanente de los terroristas de la organizaci\u00f3n Daesh en el este de la provincia central de Homs. Seg\u00fan informaron fuentes locales a nuestro corresponsal, la mina explot\u00f3 al paso de los j\u00f3venes que caminaban en tierras agr\u00edcolas en la zona &hellip;<\/p>\n","protected":false},"author":30,"featured_media":208202,"comment_status":"closed","ping_status":"closed","sticky":false,"template":"","format":"standard","meta":{"footnotes":""},"categories":[597,573,457,7541],"tags":[8616,7161,1519,20363,6553],"class_list":["post-208201","post","type-post","status-publish","format-standard","has-post-thumbnail","","category-cinta-de-noticias","category-la-realidad-de-los-acontecimientos-en-siria","category-noticias-arabe-internacional-politica","category-ultimas-noticias","tag-daesh","tag-damasco","tag-homs","tag-isis","tag-siria"],"_links":{"self":[{"href":"https:\/\/archive.sana.sy\/es\/index.php?rest_route=\/wp\/v2\/posts\/208201"}],"collection":[{"href":"https:\/\/archive.sana.sy\/es\/index.php?rest_route=\/wp\/v2\/posts"}],"about":[{"href":"https:\/\/archive.sana.sy\/es\/index.php?rest_route=\/wp\/v2\/types\/post"}],"author":[{"embeddable":true,"href":"https:\/\/archive.sana.sy\/es\/index.php?rest_route=\/wp\/v2\/users\/30"}],"replies":[{"embeddable":true,"href":"https:\/\/archive.sana.sy\/es\/index.php?rest_route=%2Fwp%2Fv2%2Fcomments&post=208201"}],"version-history":[{"count":0,"href":"https:\/\/archive.sana.sy\/es\/index.php?rest_route=\/wp\/v2\/posts\/208201\/revisions"}],"wp:featuredmedia":[{"embeddable":true,"href":"https:\/\/archive.sana.sy\/es\/index.php?rest_route=\/wp\/v2\/media\/208202"}],"wp:attachment":[{"href":"https:\/\/archive.sana.sy\/es\/index.php?rest_route=%2Fwp%2Fv2%2Fmedia&parent=208201"}],"wp:term":[{"taxonomy":"category","embeddable":true,"href":"https:\/\/archive.sana.sy\/es\/index.php?rest_route=%2Fwp%2Fv2%2Fcategories&post=208201"},{"taxonomy":"post_tag","embeddable":true,"href":"https:\/\/archive.sana.sy\/es\/index.php?rest_route=%2Fwp%2Fv2%2Ftags&post=208201"}],"curies":[{"name":"wp","href":"https:\/\/api.w.org\/{rel}","templated":true}]}}