{"id":208319,"date":"2021-12-03T08:49:54","date_gmt":"2021-12-03T06:49:54","guid":{"rendered":"http:\/\/107.6.182.27\/es\/?p=208319"},"modified":"2021-12-03T08:49:54","modified_gmt":"2021-12-03T06:49:54","slug":"ministro-libanes-fortalecer-relaciones-con-siria-es-algo-imprescindible","status":"publish","type":"post","link":"https:\/\/archive.sana.sy\/es\/?p=208319","title":{"rendered":"Ministro liban\u00e9s: fortalecer relaciones con Siria es algo imprescindible"},"content":{"rendered":"<p style=\"text-align: justify;\"><span style=\"color: #800000;\"><strong>Beirut, 02 dic (SANA)\u00a0 \u00a0<\/strong><\/span>El ministro de Agricultura liban\u00e9s, Abbas Al-Hajj Hassan, ratific\u00f3 la necesidad de fortalecer las relaciones fraternales con Siria en beneficio de los dos pa\u00edses hermanos.<\/p>\n<p style=\"text-align: justify;\">\u201cLos nexos con Siria deben ser \u00f3ptimas para aliviar la econom\u00eda libanesa, lo cual hace imprescindible volver a la senda de la cooperaci\u00f3n\u201d, subray\u00f3 el titular.<\/p>\n<p style=\"text-align: justify;\">En el marco de la cooperaci\u00f3n entre los dos pa\u00edses, el 28 de octubre los ministros de Energ\u00eda y Electricidad de Siria, Jordania y L\u00edbano alcanzaron un acuerdo final sobre el suministro de electricidad al L\u00edbano a trav\u00e9s de Siria.<\/p>\n<p style=\"text-align: justify;\"><strong>ah\/fm<\/strong><\/p>\n","protected":false},"excerpt":{"rendered":"<p>Beirut, 02 dic (SANA)\u00a0 \u00a0El ministro de Agricultura liban\u00e9s, Abbas Al-Hajj Hassan, ratific\u00f3 la necesidad de fortalecer las relaciones fraternales con Siria en beneficio de los dos pa\u00edses hermanos. \u201cLos nexos con Siria deben ser \u00f3ptimas para aliviar la econom\u00eda libanesa, lo cual hace imprescindible volver a la senda de la cooperaci\u00f3n\u201d, subray\u00f3 el titular. &hellip;<\/p>\n","protected":false},"author":30,"featured_media":208320,"comment_status":"closed","ping_status":"closed","sticky":false,"template":"","format":"standard","meta":{"footnotes":""},"categories":[597,457,467,7541],"tags":[8947,7161,8747,6553],"class_list":["post-208319","post","type-post","status-publish","format-standard","has-post-thumbnail","","category-cinta-de-noticias","category-noticias-arabe-internacional-politica","category-siria-y-el-mundo","category-ultimas-noticias","tag-beirut","tag-damasco","tag-el-libano","tag-siria"],"_links":{"self":[{"href":"https:\/\/archive.sana.sy\/es\/index.php?rest_route=\/wp\/v2\/posts\/208319"}],"collection":[{"href":"https:\/\/archive.sana.sy\/es\/index.php?rest_route=\/wp\/v2\/posts"}],"about":[{"href":"https:\/\/archive.sana.sy\/es\/index.php?rest_route=\/wp\/v2\/types\/post"}],"author":[{"embeddable":true,"href":"https:\/\/archive.sana.sy\/es\/index.php?rest_route=\/wp\/v2\/users\/30"}],"replies":[{"embeddable":true,"href":"https:\/\/archive.sana.sy\/es\/index.php?rest_route=%2Fwp%2Fv2%2Fcomments&post=208319"}],"version-history":[{"count":0,"href":"https:\/\/archive.sana.sy\/es\/index.php?rest_route=\/wp\/v2\/posts\/208319\/revisions"}],"wp:featuredmedia":[{"embeddable":true,"href":"https:\/\/archive.sana.sy\/es\/index.php?rest_route=\/wp\/v2\/media\/208320"}],"wp:attachment":[{"href":"https:\/\/archive.sana.sy\/es\/index.php?rest_route=%2Fwp%2Fv2%2Fmedia&parent=208319"}],"wp:term":[{"taxonomy":"category","embeddable":true,"href":"https:\/\/archive.sana.sy\/es\/index.php?rest_route=%2Fwp%2Fv2%2Fcategories&post=208319"},{"taxonomy":"post_tag","embeddable":true,"href":"https:\/\/archive.sana.sy\/es\/index.php?rest_route=%2Fwp%2Fv2%2Ftags&post=208319"}],"curies":[{"name":"wp","href":"https:\/\/api.w.org\/{rel}","templated":true}]}}