{"id":208325,"date":"2021-12-03T10:59:00","date_gmt":"2021-12-03T08:59:00","guid":{"rendered":"http:\/\/107.6.182.27\/es\/?p=208325"},"modified":"2023-01-12T14:39:41","modified_gmt":"2023-01-12T12:39:41","slug":"nueva-jornada-israeli-de-arrestos-arbitrarios-en-hebron","status":"publish","type":"post","link":"https:\/\/archive.sana.sy\/es\/?p=208325","title":{"rendered":"Nueva jornada israel\u00ed de arrestos arbitrarios en Hebr\u00f3n"},"content":{"rendered":"<p style=\"text-align: justify;\"><span style=\"color: #800000;\"><strong>Jerusal\u00e9n ocupada, 03 dic (SANA)\u00a0 \u00a0 <\/strong><\/span>Las fuerzas del ocupante sionista arrestaron esa madrugada, a cuatro palestinos en Cisjordania.<\/p>\n<p style=\"text-align: justify;\">Seg\u00fan divulg\u00f3 la agencia palestina de noticias WAFA, las tropas israel\u00edes irrumpieron la ciudad de Hebr\u00f3n y la aldea de Halhoul al norte de la misma, donde allanaron las viviendas de los lugare\u00f1os y arrestaron a cuatro de ellos.<\/p>\n<p style=\"text-align: justify;\">Los militares israel\u00edes contin\u00faan sus asaltos a las ciudades y pueblos palestinos, y lanzan campa\u00f1as de arrestos arbitrarios contra los palestinos para desplazarlos y apoderarse de sus tierras y propiedades.<\/p>\n<p style=\"text-align: justify;\"><strong>ah\/fm<\/strong><\/p>\n","protected":false},"excerpt":{"rendered":"<p>Jerusal\u00e9n ocupada, 03 dic (SANA)\u00a0 \u00a0 Las fuerzas del ocupante sionista arrestaron esa madrugada, a cuatro palestinos en Cisjordania. Seg\u00fan divulg\u00f3 la agencia palestina de noticias WAFA, las tropas israel\u00edes irrumpieron la ciudad de Hebr\u00f3n y la aldea de Halhoul al norte de la misma, donde allanaron las viviendas de los lugare\u00f1os y arrestaron a &hellip;<\/p>\n","protected":false},"author":30,"featured_media":208326,"comment_status":"closed","ping_status":"closed","sticky":false,"template":"","format":"standard","meta":{"footnotes":""},"categories":[597,456],"tags":[7204,1494],"class_list":["post-208325","post","type-post","status-publish","format-standard","has-post-thumbnail","","category-cinta-de-noticias","category-arabe-internacional-politica","tag-israel","tag-palestina"],"_links":{"self":[{"href":"https:\/\/archive.sana.sy\/es\/index.php?rest_route=\/wp\/v2\/posts\/208325"}],"collection":[{"href":"https:\/\/archive.sana.sy\/es\/index.php?rest_route=\/wp\/v2\/posts"}],"about":[{"href":"https:\/\/archive.sana.sy\/es\/index.php?rest_route=\/wp\/v2\/types\/post"}],"author":[{"embeddable":true,"href":"https:\/\/archive.sana.sy\/es\/index.php?rest_route=\/wp\/v2\/users\/30"}],"replies":[{"embeddable":true,"href":"https:\/\/archive.sana.sy\/es\/index.php?rest_route=%2Fwp%2Fv2%2Fcomments&post=208325"}],"version-history":[{"count":0,"href":"https:\/\/archive.sana.sy\/es\/index.php?rest_route=\/wp\/v2\/posts\/208325\/revisions"}],"wp:featuredmedia":[{"embeddable":true,"href":"https:\/\/archive.sana.sy\/es\/index.php?rest_route=\/wp\/v2\/media\/208326"}],"wp:attachment":[{"href":"https:\/\/archive.sana.sy\/es\/index.php?rest_route=%2Fwp%2Fv2%2Fmedia&parent=208325"}],"wp:term":[{"taxonomy":"category","embeddable":true,"href":"https:\/\/archive.sana.sy\/es\/index.php?rest_route=%2Fwp%2Fv2%2Fcategories&post=208325"},{"taxonomy":"post_tag","embeddable":true,"href":"https:\/\/archive.sana.sy\/es\/index.php?rest_route=%2Fwp%2Fv2%2Ftags&post=208325"}],"curies":[{"name":"wp","href":"https:\/\/api.w.org\/{rel}","templated":true}]}}