{"id":208340,"date":"2021-12-03T11:09:27","date_gmt":"2021-12-03T09:09:27","guid":{"rendered":"http:\/\/107.6.182.27\/es\/?p=208340"},"modified":"2021-12-03T11:09:27","modified_gmt":"2021-12-03T09:09:27","slug":"siria-participa-en-competencia-de-programacion-en-el-mundo-arabe-y-africa","status":"publish","type":"post","link":"https:\/\/archive.sana.sy\/es\/?p=208340","title":{"rendered":"Siria participa en competencia de programaci\u00f3n en el Mundo \u00c1rabe y \u00c1frica"},"content":{"rendered":"<p style=\"text-align: justify;\"><span style=\"color: #800000;\"><strong>El Cairo, 03 dic (SANA)<\/strong><\/span>\u00a0 \u00a0 \u00a0Siria participar\u00e1 los d\u00edas 5 y 6 del mes en curso en las competencias finales del Concurso Universitario de Programaci\u00f3n en el Mundo \u00c1rabe y \u00c1frica, organizado por la Academia \u00c1rabe de Ciencia, Tecnolog\u00eda y Transporte Mar\u00edtimo en la ciudad egipcia de L\u00faxor.<\/p>\n<p style=\"text-align: justify;\">Said Sreihiny, coordinador de la competencia en la Universidad de Damasco, dijo que 17 equipos de las universidades de Damasco, Alepo, Tishrin, al-Baath, la Universidad Virtual Siria, y el Instituto Superior de Ciencias Aplicadas y Tecnolog\u00eda, y el Instituto Superior de Ciencias Aplicadas y Tecnolog\u00eda de Alepo, representar\u00e1n a Siria en el concurso.<\/p>\n<p style=\"text-align: justify;\">\u201cLa competencia incluye dos rondas dentro de la sede de la academia en L\u00faxor, la primera experimental y la segunda regular, que dura cinco horas consecutivas e incluye cuestiones program\u00e1ticas de alto nivel\u201d, destac\u00f3.<\/p>\n<p style=\"text-align: justify;\">El concurso est\u00e1 destinado a reunir un grupo \u00e9lite de estudiantes universitarios, programadores, formadores y acad\u00e9micos en el mismo lugar para promover la creatividad y el trabajo en equipo y fomentar la construcci\u00f3n de nuevas programaciones y permitir a los estudiantes probar sus habilidades y rendimiento bajo presi\u00f3n.<\/p>\n<p style=\"text-align: justify;\">El concurso se llama la \u201cGuerra de Mentes\u201d y es m\u00e1s que una competencia acad\u00e9mica y tecnol\u00f3gica, ya que se ha convertido en la base para construir una sociedad inform\u00e1tica global m\u00e1s cooperativa.<\/p>\n<p style=\"text-align: justify;\"><strong>ah\/fm<\/strong><\/p>\n","protected":false},"excerpt":{"rendered":"<p>El Cairo, 03 dic (SANA)\u00a0 \u00a0 \u00a0Siria participar\u00e1 los d\u00edas 5 y 6 del mes en curso en las competencias finales del Concurso Universitario de Programaci\u00f3n en el Mundo \u00c1rabe y \u00c1frica, organizado por la Academia \u00c1rabe de Ciencia, Tecnolog\u00eda y Transporte Mar\u00edtimo en la ciudad egipcia de L\u00faxor. Said Sreihiny, coordinador de la competencia &hellip;<\/p>\n","protected":false},"author":30,"featured_media":208341,"comment_status":"closed","ping_status":"closed","sticky":false,"template":"","format":"standard","meta":{"footnotes":""},"categories":[597,457,467,7541],"tags":[20416,8253,19813,6553],"class_list":["post-208340","post","type-post","status-publish","format-standard","has-post-thumbnail","","category-cinta-de-noticias","category-noticias-arabe-internacional-politica","category-siria-y-el-mundo","category-ultimas-noticias","tag-concurso","tag-egipto","tag-programacion","tag-siria"],"_links":{"self":[{"href":"https:\/\/archive.sana.sy\/es\/index.php?rest_route=\/wp\/v2\/posts\/208340"}],"collection":[{"href":"https:\/\/archive.sana.sy\/es\/index.php?rest_route=\/wp\/v2\/posts"}],"about":[{"href":"https:\/\/archive.sana.sy\/es\/index.php?rest_route=\/wp\/v2\/types\/post"}],"author":[{"embeddable":true,"href":"https:\/\/archive.sana.sy\/es\/index.php?rest_route=\/wp\/v2\/users\/30"}],"replies":[{"embeddable":true,"href":"https:\/\/archive.sana.sy\/es\/index.php?rest_route=%2Fwp%2Fv2%2Fcomments&post=208340"}],"version-history":[{"count":0,"href":"https:\/\/archive.sana.sy\/es\/index.php?rest_route=\/wp\/v2\/posts\/208340\/revisions"}],"wp:featuredmedia":[{"embeddable":true,"href":"https:\/\/archive.sana.sy\/es\/index.php?rest_route=\/wp\/v2\/media\/208341"}],"wp:attachment":[{"href":"https:\/\/archive.sana.sy\/es\/index.php?rest_route=%2Fwp%2Fv2%2Fmedia&parent=208340"}],"wp:term":[{"taxonomy":"category","embeddable":true,"href":"https:\/\/archive.sana.sy\/es\/index.php?rest_route=%2Fwp%2Fv2%2Fcategories&post=208340"},{"taxonomy":"post_tag","embeddable":true,"href":"https:\/\/archive.sana.sy\/es\/index.php?rest_route=%2Fwp%2Fv2%2Ftags&post=208340"}],"curies":[{"name":"wp","href":"https:\/\/api.w.org\/{rel}","templated":true}]}}