{"id":20839,"date":"2015-04-06T20:48:19","date_gmt":"2015-04-06T17:48:19","guid":{"rendered":"http:\/\/www.sana.sy\/es\/?p=20839"},"modified":"2015-04-06T20:48:19","modified_gmt":"2015-04-06T17:48:19","slug":"cancilleria-rusa-rusia-condena-agresion-contra-los-sirios-y-palestinos-del-campamento-de-yarmouk","status":"publish","type":"post","link":"https:\/\/archive.sana.sy\/es\/?p=20839","title":{"rendered":"Canciller\u00eda rusa: Rusia condena agresi\u00f3n contra los sirios y palestinos del campamento de Yarmouk"},"content":{"rendered":"<p>Mosc\u00fa-SANA<\/p>\n<p>El Ministerio de Exteriores de Rusia conden\u00f3 en\u00e9rgicamente hoy las \u00a8Acciones Hostiles\u00a8, perpetradas por los terroristas contra los sirios y los refugiados palestinos en Siria.<\/p>\n<p>La canciller\u00eda rusa dijo en un comunicado que Rusia repudia las \u00a8Acciones Hostiles\u00a8, perpetradas por terroristas, las cuales cobraron la vida de ciudadanos sirios y refugiados palestinos que desde d\u00e9cadas han sido acogidos por Siria.<\/p>\n<p>La canciller\u00eda agreg\u00f3 en su comunicado que la situaci\u00f3n en el campamento de refugiados de Yarmouk-que seg\u00fan estad\u00edsticas de las Naciones Unidas viven m\u00e1s de 18 mil refugiados palestinos-se ha empeorado considerablemente en los \u00faltimos d\u00edas.<\/p>\n<p>El Ministerio ruso de Exteriores reiter\u00f3 la solidaridad de Rusia con los palestinos y sirios e hizo hincapi\u00e9 en la necesidad\u00a0 de aunar los esfuerzos regionales e internacionales\u00a0\u00a0 de cara a las bandas terroristas dondequiera que esten.<\/p>\n<p>Yamil K.<\/p>\n","protected":false},"excerpt":{"rendered":"<p>Mosc\u00fa-SANA El Ministerio de Exteriores de Rusia conden\u00f3 en\u00e9rgicamente hoy las \u00a8Acciones Hostiles\u00a8, perpetradas por los terroristas contra los sirios y los refugiados palestinos en Siria. La canciller\u00eda rusa dijo en un comunicado que Rusia repudia las \u00a8Acciones Hostiles\u00a8, perpetradas por terroristas, las cuales cobraron la vida de ciudadanos sirios y refugiados palestinos que desde &hellip;<\/p>\n","protected":false},"author":1,"featured_media":10398,"comment_status":"closed","ping_status":"closed","sticky":false,"template":"","format":"standard","meta":{"footnotes":""},"categories":[456,457,576],"tags":[],"class_list":["post-20839","post","type-post","status-publish","format-standard","has-post-thumbnail","","category-arabe-internacional-politica","category-noticias-arabe-internacional-politica","category-noticias-politicas"],"_links":{"self":[{"href":"https:\/\/archive.sana.sy\/es\/index.php?rest_route=\/wp\/v2\/posts\/20839"}],"collection":[{"href":"https:\/\/archive.sana.sy\/es\/index.php?rest_route=\/wp\/v2\/posts"}],"about":[{"href":"https:\/\/archive.sana.sy\/es\/index.php?rest_route=\/wp\/v2\/types\/post"}],"author":[{"embeddable":true,"href":"https:\/\/archive.sana.sy\/es\/index.php?rest_route=\/wp\/v2\/users\/1"}],"replies":[{"embeddable":true,"href":"https:\/\/archive.sana.sy\/es\/index.php?rest_route=%2Fwp%2Fv2%2Fcomments&post=20839"}],"version-history":[{"count":0,"href":"https:\/\/archive.sana.sy\/es\/index.php?rest_route=\/wp\/v2\/posts\/20839\/revisions"}],"wp:featuredmedia":[{"embeddable":true,"href":"https:\/\/archive.sana.sy\/es\/index.php?rest_route=\/wp\/v2\/media\/10398"}],"wp:attachment":[{"href":"https:\/\/archive.sana.sy\/es\/index.php?rest_route=%2Fwp%2Fv2%2Fmedia&parent=20839"}],"wp:term":[{"taxonomy":"category","embeddable":true,"href":"https:\/\/archive.sana.sy\/es\/index.php?rest_route=%2Fwp%2Fv2%2Fcategories&post=20839"},{"taxonomy":"post_tag","embeddable":true,"href":"https:\/\/archive.sana.sy\/es\/index.php?rest_route=%2Fwp%2Fv2%2Ftags&post=20839"}],"curies":[{"name":"wp","href":"https:\/\/api.w.org\/{rel}","templated":true}]}}