{"id":208444,"date":"2021-12-03T18:50:06","date_gmt":"2021-12-03T16:50:06","guid":{"rendered":"http:\/\/107.6.182.27\/es\/?p=208444"},"modified":"2023-01-12T14:39:40","modified_gmt":"2023-01-12T12:39:40","slug":"manifestacion-en-la-haya-contra-uso-de-armas-quimicas-por-parte-del-regimen-turco","status":"publish","type":"post","link":"https:\/\/archive.sana.sy\/es\/?p=208444","title":{"rendered":"Manifestaci\u00f3n en La Haya contra uso de armas qu\u00edmicas por parte del r\u00e9gimen turco"},"content":{"rendered":"<p style=\"text-align: justify;\"><span style=\"color: #800000;\"><strong>\u00c1msterdam, 03 dic (SANA)<\/strong> <\/span>Manifestantes frente a la sede de la Organizaci\u00f3n de Armas Qu\u00edmicas (OPAQ) en la ciudad de La Haya, denunciaron hoy el uso de armas qu\u00edmicas por parte del r\u00e9gimen turco contra zonas en el sureste de Turqu\u00eda y en el norte de Iraq.<\/p>\n<p style=\"text-align: justify;\">El portavoz de la polic\u00eda de La Haya, Dick Gewert, inform\u00f3 a Reuters que 50 manifestantes fueron arrestados durante la manifestaci\u00f3n, cuyos organizadores ten\u00edan como objetivo llamar la atenci\u00f3n sobre los ataques del r\u00e9gimen turco contra pueblos iraqu\u00edes y turcos con armas qu\u00edmicas.<\/p>\n<p style=\"text-align: justify;\">Se\u00f1al\u00f3 que los manifestantes irrumpieron la sede de la Organizaci\u00f3n antes de que fueron detenidos por la polic\u00eda.<\/p>\n<p style=\"text-align: justify;\"><span style=\"color: #0000ff;\"><strong>sm<\/strong><\/span><\/p>\n","protected":false},"excerpt":{"rendered":"<p>\u00c1msterdam, 03 dic (SANA) Manifestantes frente a la sede de la Organizaci\u00f3n de Armas Qu\u00edmicas (OPAQ) en la ciudad de La Haya, denunciaron hoy el uso de armas qu\u00edmicas por parte del r\u00e9gimen turco contra zonas en el sureste de Turqu\u00eda y en el norte de Iraq. El portavoz de la polic\u00eda de La Haya, &hellip;<\/p>\n","protected":false},"author":39,"featured_media":208445,"comment_status":"closed","ping_status":"closed","sticky":false,"template":"","format":"standard","meta":{"footnotes":""},"categories":[597,456,457],"tags":[11457,11158,19979,11385],"class_list":["post-208444","post","type-post","status-publish","format-standard","has-post-thumbnail","","category-cinta-de-noticias","category-arabe-internacional-politica","category-noticias-arabe-internacional-politica","tag-armas-quimicas","tag-la-haya","tag-manifestacion","tag-regimen-turco"],"_links":{"self":[{"href":"https:\/\/archive.sana.sy\/es\/index.php?rest_route=\/wp\/v2\/posts\/208444"}],"collection":[{"href":"https:\/\/archive.sana.sy\/es\/index.php?rest_route=\/wp\/v2\/posts"}],"about":[{"href":"https:\/\/archive.sana.sy\/es\/index.php?rest_route=\/wp\/v2\/types\/post"}],"author":[{"embeddable":true,"href":"https:\/\/archive.sana.sy\/es\/index.php?rest_route=\/wp\/v2\/users\/39"}],"replies":[{"embeddable":true,"href":"https:\/\/archive.sana.sy\/es\/index.php?rest_route=%2Fwp%2Fv2%2Fcomments&post=208444"}],"version-history":[{"count":0,"href":"https:\/\/archive.sana.sy\/es\/index.php?rest_route=\/wp\/v2\/posts\/208444\/revisions"}],"wp:featuredmedia":[{"embeddable":true,"href":"https:\/\/archive.sana.sy\/es\/index.php?rest_route=\/wp\/v2\/media\/208445"}],"wp:attachment":[{"href":"https:\/\/archive.sana.sy\/es\/index.php?rest_route=%2Fwp%2Fv2%2Fmedia&parent=208444"}],"wp:term":[{"taxonomy":"category","embeddable":true,"href":"https:\/\/archive.sana.sy\/es\/index.php?rest_route=%2Fwp%2Fv2%2Fcategories&post=208444"},{"taxonomy":"post_tag","embeddable":true,"href":"https:\/\/archive.sana.sy\/es\/index.php?rest_route=%2Fwp%2Fv2%2Ftags&post=208444"}],"curies":[{"name":"wp","href":"https:\/\/api.w.org\/{rel}","templated":true}]}}