{"id":208472,"date":"2021-12-03T20:29:11","date_gmt":"2021-12-03T18:29:11","guid":{"rendered":"http:\/\/107.6.182.27\/es\/?p=208472"},"modified":"2021-12-03T20:29:11","modified_gmt":"2021-12-03T18:29:11","slug":"washington-aviva-histeria-contra-siria-y-rusia-en-la-opaq","status":"publish","type":"post","link":"https:\/\/archive.sana.sy\/es\/?p=208472","title":{"rendered":"Washington aviva histeria contra Siria y Rusia en la OPAQ"},"content":{"rendered":"<p style=\"text-align: justify;\"><strong><span style=\"color: #800000;\">La Haya, 03 dic (SANA)<\/span><\/strong>\u00a0 \u00a0Estados Unidos y sus aliados euroatl\u00e1nticos contin\u00faan avivando la histeria anti-rusa y anti-siria en la Organizaci\u00f3n para la Prohibici\u00f3n de las Armas Qu\u00edmicas (OPAQ), denunci\u00f3 Alexander Shulgin, el represente de Rusia ante esta organizaci\u00f3n internacional.<\/p>\n<p style=\"text-align: justify;\">Esto fue expresado este viernes por el diplom\u00e1tico durante el 26\u00ba per\u00edodo de sesiones de la Conferencia de los Estados Partes.<\/p>\n<p style=\"text-align: justify;\">\u201cMuchos pa\u00edses de la OPAQ ya est\u00e1n hartos de estas discusiones planteadas por Washington y sus aliados&#8221;, cit\u00f3 la agencia de noticias rusa RIA Novosti a Shulgin.<\/p>\n<p style=\"text-align: justify;\">Se\u00f1al\u00f3 que m\u00e1s voces expresan la necesidad de dejar de politizar el trabajo de la OPAQ y devolver su labor a un canal normal y despolitizado.<\/p>\n<p style=\"text-align: justify;\">Shulgin indic\u00f3 que esto demuestra claramente una vez m\u00e1s que Estados Unidos tiene la intenci\u00f3n de continuar su curso de convertir a la Organizaci\u00f3n en un instrumento para servir sus intereses geopol\u00edticos.<\/p>\n<p style=\"text-align: justify;\">\u201cRusia seguir\u00e1 haciendo todo lo posible para restaurar el estado de derecho internacional, mantener la integridad de la Convenci\u00f3n de Prevenci\u00f3n de Propagaci\u00f3n de Armas Qu\u00edmicas y normalizar el trabajo de la OPAQ\u201d, agreg\u00f3.<\/p>\n<p style=\"text-align: justify;\">rr\/fm<\/p>\n<p style=\"text-align: justify;\">\n","protected":false},"excerpt":{"rendered":"<p>La Haya, 03 dic (SANA)\u00a0 \u00a0Estados Unidos y sus aliados euroatl\u00e1nticos contin\u00faan avivando la histeria anti-rusa y anti-siria en la Organizaci\u00f3n para la Prohibici\u00f3n de las Armas Qu\u00edmicas (OPAQ), denunci\u00f3 Alexander Shulgin, el represente de Rusia ante esta organizaci\u00f3n internacional. Esto fue expresado este viernes por el diplom\u00e1tico durante el 26\u00ba per\u00edodo de sesiones de &hellip;<\/p>\n","protected":false},"author":31,"featured_media":208473,"comment_status":"closed","ping_status":"closed","sticky":false,"template":"","format":"standard","meta":{"footnotes":""},"categories":[597,467,7541],"tags":[],"class_list":["post-208472","post","type-post","status-publish","format-standard","has-post-thumbnail","","category-cinta-de-noticias","category-siria-y-el-mundo","category-ultimas-noticias"],"_links":{"self":[{"href":"https:\/\/archive.sana.sy\/es\/index.php?rest_route=\/wp\/v2\/posts\/208472"}],"collection":[{"href":"https:\/\/archive.sana.sy\/es\/index.php?rest_route=\/wp\/v2\/posts"}],"about":[{"href":"https:\/\/archive.sana.sy\/es\/index.php?rest_route=\/wp\/v2\/types\/post"}],"author":[{"embeddable":true,"href":"https:\/\/archive.sana.sy\/es\/index.php?rest_route=\/wp\/v2\/users\/31"}],"replies":[{"embeddable":true,"href":"https:\/\/archive.sana.sy\/es\/index.php?rest_route=%2Fwp%2Fv2%2Fcomments&post=208472"}],"version-history":[{"count":0,"href":"https:\/\/archive.sana.sy\/es\/index.php?rest_route=\/wp\/v2\/posts\/208472\/revisions"}],"wp:featuredmedia":[{"embeddable":true,"href":"https:\/\/archive.sana.sy\/es\/index.php?rest_route=\/wp\/v2\/media\/208473"}],"wp:attachment":[{"href":"https:\/\/archive.sana.sy\/es\/index.php?rest_route=%2Fwp%2Fv2%2Fmedia&parent=208472"}],"wp:term":[{"taxonomy":"category","embeddable":true,"href":"https:\/\/archive.sana.sy\/es\/index.php?rest_route=%2Fwp%2Fv2%2Fcategories&post=208472"},{"taxonomy":"post_tag","embeddable":true,"href":"https:\/\/archive.sana.sy\/es\/index.php?rest_route=%2Fwp%2Fv2%2Ftags&post=208472"}],"curies":[{"name":"wp","href":"https:\/\/api.w.org\/{rel}","templated":true}]}}