{"id":208475,"date":"2021-12-03T21:48:45","date_gmt":"2021-12-03T19:48:45","guid":{"rendered":"http:\/\/107.6.182.27\/es\/?p=208475"},"modified":"2023-01-12T14:39:40","modified_gmt":"2023-01-12T12:39:40","slug":"cazas-rusos-interceptan-aviones-de-reconocimiento-estadounidenses","status":"publish","type":"post","link":"https:\/\/archive.sana.sy\/es\/?p=208475","title":{"rendered":"Cazas rusos interceptan aviones de reconocimiento estadounidenses"},"content":{"rendered":"<p style=\"text-align: justify;\"><span style=\"color: #800000;\"><strong>Mosc\u00fa, 3 dic (SANA)\u00a0\u00a0<\/strong> <\/span>El Ministerio de Defensa ruso anunci\u00f3 hoy que sus cazas impidieron que aviones de reconocimiento estadounidenses violaran las fronteras a\u00e9reas rusas sobre las aguas del Mar Negro.<\/p>\n<p style=\"text-align: justify;\">&#8220;El sistema de monitoreo del espacio a\u00e9reo ruso detect\u00f3 blancos a\u00e9reos que se acercaban a las fronteras del estado ruso&#8221;, inform\u00f3 el ministerio en un comunicado.<\/p>\n<p style=\"text-align: justify;\">Agreg\u00f3 que dos cazas rusos Su-27 y Sukhoi-30 se despegaron para identificar los objetivos a\u00e9reos, y se descubri\u00f3 que eran aviones estrat\u00e9gicos de la Fuerza A\u00e9rea de los EE.UU.<\/p>\n<p style=\"text-align: justify;\">La declaraci\u00f3n indic\u00f3 que la tripulaci\u00f3n de los dos aviones rusos alej\u00f3 los objetivos a\u00e9reos del espacio a\u00e9reo ruso del Mar Negro.<\/p>\n<p style=\"text-align: justify;\">fm<\/p>\n","protected":false},"excerpt":{"rendered":"<p>Mosc\u00fa, 3 dic (SANA)\u00a0\u00a0 El Ministerio de Defensa ruso anunci\u00f3 hoy que sus cazas impidieron que aviones de reconocimiento estadounidenses violaran las fronteras a\u00e9reas rusas sobre las aguas del Mar Negro. &#8220;El sistema de monitoreo del espacio a\u00e9reo ruso detect\u00f3 blancos a\u00e9reos que se acercaban a las fronteras del estado ruso&#8221;, inform\u00f3 el ministerio en &hellip;<\/p>\n","protected":false},"author":34,"featured_media":208476,"comment_status":"closed","ping_status":"closed","sticky":false,"template":"","format":"standard","meta":{"footnotes":""},"categories":[456],"tags":[],"class_list":["post-208475","post","type-post","status-publish","format-standard","has-post-thumbnail","","category-arabe-internacional-politica"],"_links":{"self":[{"href":"https:\/\/archive.sana.sy\/es\/index.php?rest_route=\/wp\/v2\/posts\/208475"}],"collection":[{"href":"https:\/\/archive.sana.sy\/es\/index.php?rest_route=\/wp\/v2\/posts"}],"about":[{"href":"https:\/\/archive.sana.sy\/es\/index.php?rest_route=\/wp\/v2\/types\/post"}],"author":[{"embeddable":true,"href":"https:\/\/archive.sana.sy\/es\/index.php?rest_route=\/wp\/v2\/users\/34"}],"replies":[{"embeddable":true,"href":"https:\/\/archive.sana.sy\/es\/index.php?rest_route=%2Fwp%2Fv2%2Fcomments&post=208475"}],"version-history":[{"count":0,"href":"https:\/\/archive.sana.sy\/es\/index.php?rest_route=\/wp\/v2\/posts\/208475\/revisions"}],"wp:featuredmedia":[{"embeddable":true,"href":"https:\/\/archive.sana.sy\/es\/index.php?rest_route=\/wp\/v2\/media\/208476"}],"wp:attachment":[{"href":"https:\/\/archive.sana.sy\/es\/index.php?rest_route=%2Fwp%2Fv2%2Fmedia&parent=208475"}],"wp:term":[{"taxonomy":"category","embeddable":true,"href":"https:\/\/archive.sana.sy\/es\/index.php?rest_route=%2Fwp%2Fv2%2Fcategories&post=208475"},{"taxonomy":"post_tag","embeddable":true,"href":"https:\/\/archive.sana.sy\/es\/index.php?rest_route=%2Fwp%2Fv2%2Ftags&post=208475"}],"curies":[{"name":"wp","href":"https:\/\/api.w.org\/{rel}","templated":true}]}}