{"id":208731,"date":"2021-12-05T22:44:38","date_gmt":"2021-12-05T20:44:38","guid":{"rendered":"http:\/\/107.6.182.27\/es\/?p=208731"},"modified":"2021-12-05T22:50:59","modified_gmt":"2021-12-05T20:50:59","slug":"siria-reporta-81-nuevos-infectados-con-covid-19","status":"publish","type":"post","link":"https:\/\/archive.sana.sy\/es\/?p=208731","title":{"rendered":"Siria reporta 81 nuevos infectados con Covid-19"},"content":{"rendered":"<p style=\"text-align: justify;\"><span style=\"color: #800000;\"><strong>Damasco, 05 dic (SANA)<\/strong><\/span>\u00a0\u00a0 El Ministerio de Salud confirm\u00f3 hoy\u00a0 81 nuevos casos y cinco decesos por la Covid-19, en cifras consideradas las m\u00e1s bajas desde hace cuatro meses.<\/p>\n<p style=\"text-align: justify;\">\u201cEl total de infectados en el pa\u00eds aument\u00f3 a 48 mil 619 mientras los decesos se elev\u00f3 a 2,777 tras reportar cinco muertes\u201d, precis\u00f3 el parte diario del ente.<\/p>\n<p style=\"text-align: justify;\">Agreg\u00f3 que el total de recuperados se elev\u00f3 a 29 mil 738 tras reportar la curaci\u00f3n de 114 enfermos.<\/p>\n<p style=\"text-align: justify;\">Siria enfrenta esta pandemia en medio de un bloqueo injusto asfixiante impuesto por EEUU y algunos pa\u00edses de la UE, lo cual dificulta las capacidades del pa\u00eds de enfrentar esta pandemia.<\/p>\n<p><strong>ah\/fm<\/strong><\/p>\n","protected":false},"excerpt":{"rendered":"<p>Damasco, 05 dic (SANA)\u00a0\u00a0 El Ministerio de Salud confirm\u00f3 hoy\u00a0 81 nuevos casos y cinco decesos por la Covid-19, en cifras consideradas las m\u00e1s bajas desde hace cuatro meses. \u201cEl total de infectados en el pa\u00eds aument\u00f3 a 48 mil 619 mientras los decesos se elev\u00f3 a 2,777 tras reportar cinco muertes\u201d, precis\u00f3 el parte &hellip;<\/p>\n","protected":false},"author":30,"featured_media":208742,"comment_status":"closed","ping_status":"closed","sticky":false,"template":"","format":"standard","meta":{"footnotes":""},"categories":[597,476,457,7541],"tags":[],"class_list":["post-208731","post","type-post","status-publish","format-standard","has-post-thumbnail","","category-cinta-de-noticias","category-locales","category-noticias-arabe-internacional-politica","category-ultimas-noticias"],"_links":{"self":[{"href":"https:\/\/archive.sana.sy\/es\/index.php?rest_route=\/wp\/v2\/posts\/208731"}],"collection":[{"href":"https:\/\/archive.sana.sy\/es\/index.php?rest_route=\/wp\/v2\/posts"}],"about":[{"href":"https:\/\/archive.sana.sy\/es\/index.php?rest_route=\/wp\/v2\/types\/post"}],"author":[{"embeddable":true,"href":"https:\/\/archive.sana.sy\/es\/index.php?rest_route=\/wp\/v2\/users\/30"}],"replies":[{"embeddable":true,"href":"https:\/\/archive.sana.sy\/es\/index.php?rest_route=%2Fwp%2Fv2%2Fcomments&post=208731"}],"version-history":[{"count":0,"href":"https:\/\/archive.sana.sy\/es\/index.php?rest_route=\/wp\/v2\/posts\/208731\/revisions"}],"wp:featuredmedia":[{"embeddable":true,"href":"https:\/\/archive.sana.sy\/es\/index.php?rest_route=\/wp\/v2\/media\/208742"}],"wp:attachment":[{"href":"https:\/\/archive.sana.sy\/es\/index.php?rest_route=%2Fwp%2Fv2%2Fmedia&parent=208731"}],"wp:term":[{"taxonomy":"category","embeddable":true,"href":"https:\/\/archive.sana.sy\/es\/index.php?rest_route=%2Fwp%2Fv2%2Fcategories&post=208731"},{"taxonomy":"post_tag","embeddable":true,"href":"https:\/\/archive.sana.sy\/es\/index.php?rest_route=%2Fwp%2Fv2%2Ftags&post=208731"}],"curies":[{"name":"wp","href":"https:\/\/api.w.org\/{rel}","templated":true}]}}