{"id":208926,"date":"2021-12-07T11:52:04","date_gmt":"2021-12-07T09:52:04","guid":{"rendered":"http:\/\/107.6.182.27\/es\/?p=208926"},"modified":"2023-01-10T14:23:01","modified_gmt":"2023-01-10T12:23:01","slug":"comienza-proceso-de-reconciliacion-en-ciudad-de-albukamal-fronteriza-con-iraq","status":"publish","type":"post","link":"https:\/\/archive.sana.sy\/es\/?p=208926","title":{"rendered":"Comienza proceso de reconciliaci\u00f3n en ciudad de Albukamal, fronteriza con Iraq"},"content":{"rendered":"<p style=\"text-align: justify;\"><span style=\"color: #800000;\"><strong>Deir Ezzor, 7 dic (SANA)<\/strong>\u00a0 \u00a0 <\/span>Un centro de reconciliaci\u00f3n se abri\u00f3 hoy martes, en la ciudad de Albukamal en el este de la provincia de Deir Ezzor, cerca de la frontera con Iraq.<\/p>\n<p style=\"text-align: justify;\">Seg\u00fan el corresponsal de SANA, a este centro, comenzaron a acudir todos los armados y pr\u00f3fugos que desean entregarse voluntariamente para ser amnistiados y volver a su vida normal.<\/p>\n<p style=\"text-align: justify;\">M\u00e1s de 11.000 personas, entre pr\u00f3fugos, fugitivos y armados, fueron indultados en el proceso de reconciliaci\u00f3n que comenz\u00f3 el d\u00eda 14 de noviembre \u00faltimo y concluy\u00f3 este lunes, 6 de diciembre, en las ciudades de Deir Ezzor y al-Mayadin, en el Oriente sirio.<\/p>\n<p style=\"text-align: justify;\">El objetivo de este proceso es consolidar la seguridad y la estabilidad, recuperar el proceso de producci\u00f3n y la situaci\u00f3n de los servicios.<\/p>\n<p style=\"text-align: justify;\">Varios notables y jeques tribales manifestaron que la gran concurrencia de personas a los centros de reconciliaci\u00f3n evidencia el deseo de los pobladores de la provincia de Deir Ezzor de aprovechar esta oportunidad para volver a la normalidad.<\/p>\n<p style=\"text-align: justify;\">Varios de los armados y pr\u00f3fugos que se entregaron abandonaron las regiones controladas por la milicia separatista proestadounidense Fuerzas Democr\u00e1ticas de Siria (FDS).<\/p>\n<p><span style=\"color: #000000;\">fm\/ed<\/span><\/p>\n<div id='gallery-1' class='gallery galleryid-208926 gallery-columns-1 gallery-size-full'><figure class='gallery-item'>\n\t\t\t<div class='gallery-icon landscape'>\n\t\t\t\t<a href='https:\/\/archive.sana.sy\/es\/wp-content\/uploads\/2021\/12\/photo_2021-12-07_11-13-49-scaled.jpg'><img loading=\"lazy\" decoding=\"async\" width=\"2560\" height=\"1440\" src=\"https:\/\/archive.sana.sy\/es\/wp-content\/uploads\/2021\/12\/photo_2021-12-07_11-13-49-scaled.jpg\" class=\"attachment-full size-full\" alt=\"\" srcset=\"https:\/\/archive.sana.sy\/es\/wp-content\/uploads\/2021\/12\/photo_2021-12-07_11-13-49-scaled.jpg 2560w, https:\/\/archive.sana.sy\/es\/wp-content\/uploads\/2021\/12\/photo_2021-12-07_11-13-49-300x169.jpg 300w, https:\/\/archive.sana.sy\/es\/wp-content\/uploads\/2021\/12\/photo_2021-12-07_11-13-49-1024x576.jpg 1024w, https:\/\/archive.sana.sy\/es\/wp-content\/uploads\/2021\/12\/photo_2021-12-07_11-13-49-150x84.jpg 150w, https:\/\/archive.sana.sy\/es\/wp-content\/uploads\/2021\/12\/photo_2021-12-07_11-13-49-768x432.jpg 768w, https:\/\/archive.sana.sy\/es\/wp-content\/uploads\/2021\/12\/photo_2021-12-07_11-13-49-1536x864.jpg 1536w, https:\/\/archive.sana.sy\/es\/wp-content\/uploads\/2021\/12\/photo_2021-12-07_11-13-49-2048x1152.jpg 2048w\" sizes=\"(max-width: 2560px) 100vw, 2560px\" \/><\/a>\n\t\t\t<\/div><\/figure><figure class='gallery-item'>\n\t\t\t<div class='gallery-icon landscape'>\n\t\t\t\t<a href='https:\/\/archive.sana.sy\/es\/wp-content\/uploads\/2021\/12\/photo_2021-12-07_11-13-50-3-scaled.jpg'><img loading=\"lazy\" decoding=\"async\" width=\"2560\" height=\"1519\" src=\"https:\/\/archive.sana.sy\/es\/wp-content\/uploads\/2021\/12\/photo_2021-12-07_11-13-50-3-scaled.jpg\" class=\"attachment-full size-full\" alt=\"\" srcset=\"https:\/\/archive.sana.sy\/es\/wp-content\/uploads\/2021\/12\/photo_2021-12-07_11-13-50-3-scaled.jpg 2560w, https:\/\/archive.sana.sy\/es\/wp-content\/uploads\/2021\/12\/photo_2021-12-07_11-13-50-3-300x178.jpg 300w, https:\/\/archive.sana.sy\/es\/wp-content\/uploads\/2021\/12\/photo_2021-12-07_11-13-50-3-1024x608.jpg 1024w, https:\/\/archive.sana.sy\/es\/wp-content\/uploads\/2021\/12\/photo_2021-12-07_11-13-50-3-150x89.jpg 150w, https:\/\/archive.sana.sy\/es\/wp-content\/uploads\/2021\/12\/photo_2021-12-07_11-13-50-3-768x456.jpg 768w, https:\/\/archive.sana.sy\/es\/wp-content\/uploads\/2021\/12\/photo_2021-12-07_11-13-50-3-1536x911.jpg 1536w, https:\/\/archive.sana.sy\/es\/wp-content\/uploads\/2021\/12\/photo_2021-12-07_11-13-50-3-2048x1215.jpg 2048w\" sizes=\"(max-width: 2560px) 100vw, 2560px\" \/><\/a>\n\t\t\t<\/div><\/figure><figure class='gallery-item'>\n\t\t\t<div class='gallery-icon landscape'>\n\t\t\t\t<a href='https:\/\/archive.sana.sy\/es\/wp-content\/uploads\/2021\/12\/photo_2021-12-07_11-13-50-scaled.jpg'><img loading=\"lazy\" decoding=\"async\" width=\"2560\" height=\"1634\" src=\"https:\/\/archive.sana.sy\/es\/wp-content\/uploads\/2021\/12\/photo_2021-12-07_11-13-50-scaled.jpg\" class=\"attachment-full size-full\" alt=\"\" srcset=\"https:\/\/archive.sana.sy\/es\/wp-content\/uploads\/2021\/12\/photo_2021-12-07_11-13-50-scaled.jpg 2560w, https:\/\/archive.sana.sy\/es\/wp-content\/uploads\/2021\/12\/photo_2021-12-07_11-13-50-300x191.jpg 300w, https:\/\/archive.sana.sy\/es\/wp-content\/uploads\/2021\/12\/photo_2021-12-07_11-13-50-1024x653.jpg 1024w, https:\/\/archive.sana.sy\/es\/wp-content\/uploads\/2021\/12\/photo_2021-12-07_11-13-50-150x96.jpg 150w, https:\/\/archive.sana.sy\/es\/wp-content\/uploads\/2021\/12\/photo_2021-12-07_11-13-50-768x490.jpg 768w, https:\/\/archive.sana.sy\/es\/wp-content\/uploads\/2021\/12\/photo_2021-12-07_11-13-50-1536x980.jpg 1536w, https:\/\/archive.sana.sy\/es\/wp-content\/uploads\/2021\/12\/photo_2021-12-07_11-13-50-2048x1307.jpg 2048w\" sizes=\"(max-width: 2560px) 100vw, 2560px\" \/><\/a>\n\t\t\t<\/div><\/figure>\n\t\t<\/div>\n\n","protected":false},"excerpt":{"rendered":"<p>Deir Ezzor, 7 dic (SANA)\u00a0 \u00a0 Un centro de reconciliaci\u00f3n se abri\u00f3 hoy martes, en la ciudad de Albukamal en el este de la provincia de Deir Ezzor, cerca de la frontera con Iraq. Seg\u00fan el corresponsal de SANA, a este centro, comenzaron a acudir todos los armados y pr\u00f3fugos que desean entregarse voluntariamente para &hellip;<\/p>\n","protected":false},"author":32,"featured_media":208939,"comment_status":"closed","ping_status":"closed","sticky":false,"template":"","format":"standard","meta":{"footnotes":""},"categories":[477,447,597,476,583],"tags":[10402,19605,5835],"class_list":["post-208926","post","type-post","status-publish","format-standard","has-post-thumbnail","","category-noticias-edulcorantes","category-local-politica","category-cinta-de-noticias","category-locales","category-slide","tag-deir-ezzor","tag-fds","tag-iraq"],"_links":{"self":[{"href":"https:\/\/archive.sana.sy\/es\/index.php?rest_route=\/wp\/v2\/posts\/208926"}],"collection":[{"href":"https:\/\/archive.sana.sy\/es\/index.php?rest_route=\/wp\/v2\/posts"}],"about":[{"href":"https:\/\/archive.sana.sy\/es\/index.php?rest_route=\/wp\/v2\/types\/post"}],"author":[{"embeddable":true,"href":"https:\/\/archive.sana.sy\/es\/index.php?rest_route=\/wp\/v2\/users\/32"}],"replies":[{"embeddable":true,"href":"https:\/\/archive.sana.sy\/es\/index.php?rest_route=%2Fwp%2Fv2%2Fcomments&post=208926"}],"version-history":[{"count":0,"href":"https:\/\/archive.sana.sy\/es\/index.php?rest_route=\/wp\/v2\/posts\/208926\/revisions"}],"wp:featuredmedia":[{"embeddable":true,"href":"https:\/\/archive.sana.sy\/es\/index.php?rest_route=\/wp\/v2\/media\/208939"}],"wp:attachment":[{"href":"https:\/\/archive.sana.sy\/es\/index.php?rest_route=%2Fwp%2Fv2%2Fmedia&parent=208926"}],"wp:term":[{"taxonomy":"category","embeddable":true,"href":"https:\/\/archive.sana.sy\/es\/index.php?rest_route=%2Fwp%2Fv2%2Fcategories&post=208926"},{"taxonomy":"post_tag","embeddable":true,"href":"https:\/\/archive.sana.sy\/es\/index.php?rest_route=%2Fwp%2Fv2%2Ftags&post=208926"}],"curies":[{"name":"wp","href":"https:\/\/api.w.org\/{rel}","templated":true}]}}