{"id":208941,"date":"2021-12-07T13:46:09","date_gmt":"2021-12-07T11:46:09","guid":{"rendered":"http:\/\/107.6.182.27\/es\/?p=208941"},"modified":"2021-12-07T13:46:09","modified_gmt":"2021-12-07T11:46:09","slug":"al-mekdad-afirma-que-eeuu-reaviva-las-celulas-terroristas-para-seguir-desestabilizando-a-siria","status":"publish","type":"post","link":"https:\/\/archive.sana.sy\/es\/?p=208941","title":{"rendered":"Al-Mekdad afirma que EEUU reaviva las c\u00e9lulas terroristas para seguir desestabilizando a Siria"},"content":{"rendered":"<p style=\"text-align: justify;\"><span style=\"color: #800000;\"><strong>Teher\u00e1n, 7 dic (SANA)\u00a0<\/strong><\/span> \u00a0 \u00a0El Ministro de Exteriores y Expatriados, Faisal al-Mekdad, se reuni\u00f3 hoy en la capital Teher\u00e1n, con el Secretario del Consejo Supremo de Seguridad Nacional de Ir\u00e1n, el almirante Ali Shamkhani.<\/p>\n<p style=\"text-align: justify;\"><strong>Mekdad: el terrorismo, la agresi\u00f3n, el injusto bloqueo no socavar\u00e1n la voluntad del pueblo sirio<\/strong><\/p>\n<p style=\"text-align: justify;\">Durante el encuentro, el Canciller destac\u00f3 que el terrorismo, la agresi\u00f3n, el injusto bloqueo y las medidas coercitivas unilaterales no podr\u00e1n socavar la voluntad del pueblo sirio de continuar la resistencia y de seguir firme ante la arrogancia de los enemigos.<\/p>\n<p style=\"text-align: justify;\">&#8220;La continuaci\u00f3n de los ataques israel\u00edes contra Siria son un ejemplo real del terrorismo y constituyen un acto de mera provocaci\u00f3n&#8221;, manifest\u00f3.<\/p>\n<p style=\"text-align: justify;\">El jefe de la diplomacia siria indic\u00f3 que la ocupaci\u00f3n estadounidense y turca de partes del territorio sirio constituye una violaci\u00f3n del principio de soberan\u00eda y una agresi\u00f3n contra la integridad territorial de Siria.<\/p>\n<p style=\"text-align: justify;\">&#8220;Estados Unidos reaviva las c\u00e9lulas terroristas para evitar la recuperaci\u00f3n de la estabilidad en Siria&#8221;, agreg\u00f3.<\/p>\n<p style=\"text-align: justify;\">Destac\u00f3 las amplias oportunidades econ\u00f3micas disponibles para la cooperaci\u00f3n entre Siria e Ir\u00e1n, y llam\u00f3 a incrementar la presencia de empresas iran\u00edes del sector p\u00fablico y privado en el mercado sirio.<\/p>\n<p style=\"text-align: justify;\">Por su parte, Shamkhani conden\u00f3 los continuos ataques de la entidad sionista en territorio sirio, y destac\u00f3 que la resistencia y firmeza son la \u00fanica forma de erradicar la &#8220;cancerosa gl\u00e1ndula sionista&#8221; de la regi\u00f3n.<\/p>\n<p style=\"text-align: justify;\"><strong>Al-Mekdad se re\u00fane con el ministro iran\u00ed de Construcci\u00f3n de Carreteras y Ciudades<\/strong><\/p>\n<p style=\"text-align: justify;\">Asimismo, el ministro de Exteriores, se reuni\u00f3 con el ministro de Construcci\u00f3n de Carreteras y Ciudades, y jefe de la parte iran\u00ed en el Comit\u00e9 Ministerial Conjunto, Rostam Qassemi.<\/p>\n<p style=\"text-align: justify;\">Las dos partes discutieron formas de mejorar las relaciones y la cooperaci\u00f3n en el \u00e1mbito econ\u00f3mico.<br \/>\nMekdad destac\u00f3 la necesidad de activar e implementar los acuerdos y memorandos de entendimiento firmados, y estudiar la firma de nuevos acuerdos para hacer frente a los desaf\u00edos comunes, representados por las medidas econ\u00f3micas coercitivas unilaterales.<\/p>\n<p><em>fm\/ed<\/em><\/p>\n","protected":false},"excerpt":{"rendered":"<p>Teher\u00e1n, 7 dic (SANA)\u00a0 \u00a0 \u00a0El Ministro de Exteriores y Expatriados, Faisal al-Mekdad, se reuni\u00f3 hoy en la capital Teher\u00e1n, con el Secretario del Consejo Supremo de Seguridad Nacional de Ir\u00e1n, el almirante Ali Shamkhani. Mekdad: el terrorismo, la agresi\u00f3n, el injusto bloqueo no socavar\u00e1n la voluntad del pueblo sirio Durante el encuentro, el Canciller &hellip;<\/p>\n","protected":false},"author":32,"featured_media":208943,"comment_status":"closed","ping_status":"closed","sticky":false,"template":"","format":"standard","meta":{"footnotes":""},"categories":[597,467,583],"tags":[7132,6553,19966],"class_list":["post-208941","post","type-post","status-publish","format-standard","has-post-thumbnail","","category-cinta-de-noticias","category-siria-y-el-mundo","category-slide","tag-eeuu","tag-siria","tag-teheran"],"_links":{"self":[{"href":"https:\/\/archive.sana.sy\/es\/index.php?rest_route=\/wp\/v2\/posts\/208941"}],"collection":[{"href":"https:\/\/archive.sana.sy\/es\/index.php?rest_route=\/wp\/v2\/posts"}],"about":[{"href":"https:\/\/archive.sana.sy\/es\/index.php?rest_route=\/wp\/v2\/types\/post"}],"author":[{"embeddable":true,"href":"https:\/\/archive.sana.sy\/es\/index.php?rest_route=\/wp\/v2\/users\/32"}],"replies":[{"embeddable":true,"href":"https:\/\/archive.sana.sy\/es\/index.php?rest_route=%2Fwp%2Fv2%2Fcomments&post=208941"}],"version-history":[{"count":0,"href":"https:\/\/archive.sana.sy\/es\/index.php?rest_route=\/wp\/v2\/posts\/208941\/revisions"}],"wp:featuredmedia":[{"embeddable":true,"href":"https:\/\/archive.sana.sy\/es\/index.php?rest_route=\/wp\/v2\/media\/208943"}],"wp:attachment":[{"href":"https:\/\/archive.sana.sy\/es\/index.php?rest_route=%2Fwp%2Fv2%2Fmedia&parent=208941"}],"wp:term":[{"taxonomy":"category","embeddable":true,"href":"https:\/\/archive.sana.sy\/es\/index.php?rest_route=%2Fwp%2Fv2%2Fcategories&post=208941"},{"taxonomy":"post_tag","embeddable":true,"href":"https:\/\/archive.sana.sy\/es\/index.php?rest_route=%2Fwp%2Fv2%2Ftags&post=208941"}],"curies":[{"name":"wp","href":"https:\/\/api.w.org\/{rel}","templated":true}]}}