{"id":209228,"date":"2021-12-09T13:43:42","date_gmt":"2021-12-09T11:43:42","guid":{"rendered":"http:\/\/107.6.182.27\/es\/?p=209228"},"modified":"2021-12-09T13:54:33","modified_gmt":"2021-12-09T11:54:33","slug":"presencia-ilegal-de-fuerzas-extranjeras-en-siria-reduce-eficacia-de-la-lucha-antiterrorista","status":"publish","type":"post","link":"https:\/\/archive.sana.sy\/es\/?p=209228","title":{"rendered":"Presencia ilegal de fuerzas extranjeras en Siria reduce eficacia de la lucha antiterrorista"},"content":{"rendered":"<p style=\"text-align: justify;\"><span style=\"color: #800000;\"><strong>Mosc\u00fa, 9 dic (SANA)<\/strong><\/span>\u00a0 \u00a0El jefe de Estado Mayor ruso, Valery Gerasimov, dijo hoy que la presencia ilegal de fuerzas extranjeras en Siria reduce la efectividad de la lucha contra las organizaciones terroristas en esta naci\u00f3n.<\/p>\n<p style=\"text-align: justify;\">La cadena Russia Today cit\u00f3 a Gerasimov diciendo en una declaraci\u00f3n a los agregados militares de pa\u00edses extranjeros, que &#8220;la presencia militar ilegal de Estados Unidos y de varios otros pa\u00edses en Siria ayuda las organizaciones terroristas desplegadas all\u00ed a expandir su influencia&#8221;.<\/p>\n<p style=\"text-align: justify;\">El oficial explic\u00f3 que su pa\u00eds contin\u00faa luchando contra el terrorismo y brindando asistencia para el regreso de los refugiados y la recuperaci\u00f3n de la infraestructura.<\/p>\n<p style=\"text-align: justify;\">Con respecto a la zona de desescalada en Idlib, Gerasimov indic\u00f3 que se est\u00e1 trabajando con la parte turca para implementar los acuerdos actuales y detener las hostilidades.<\/p>\n<p style=\"text-align: justify;\"><strong>fm\/ah<\/strong><\/p>\n","protected":false},"excerpt":{"rendered":"<p>Mosc\u00fa, 9 dic (SANA)\u00a0 \u00a0El jefe de Estado Mayor ruso, Valery Gerasimov, dijo hoy que la presencia ilegal de fuerzas extranjeras en Siria reduce la efectividad de la lucha contra las organizaciones terroristas en esta naci\u00f3n. La cadena Russia Today cit\u00f3 a Gerasimov diciendo en una declaraci\u00f3n a los agregados militares de pa\u00edses extranjeros, que &hellip;<\/p>\n","protected":false},"author":30,"featured_media":209231,"comment_status":"closed","ping_status":"closed","sticky":false,"template":"","format":"standard","meta":{"footnotes":""},"categories":[597,457,467,7541],"tags":[7132,6695,6553],"class_list":["post-209228","post","type-post","status-publish","format-standard","has-post-thumbnail","","category-cinta-de-noticias","category-noticias-arabe-internacional-politica","category-siria-y-el-mundo","category-ultimas-noticias","tag-eeuu","tag-rusia","tag-siria"],"_links":{"self":[{"href":"https:\/\/archive.sana.sy\/es\/index.php?rest_route=\/wp\/v2\/posts\/209228"}],"collection":[{"href":"https:\/\/archive.sana.sy\/es\/index.php?rest_route=\/wp\/v2\/posts"}],"about":[{"href":"https:\/\/archive.sana.sy\/es\/index.php?rest_route=\/wp\/v2\/types\/post"}],"author":[{"embeddable":true,"href":"https:\/\/archive.sana.sy\/es\/index.php?rest_route=\/wp\/v2\/users\/30"}],"replies":[{"embeddable":true,"href":"https:\/\/archive.sana.sy\/es\/index.php?rest_route=%2Fwp%2Fv2%2Fcomments&post=209228"}],"version-history":[{"count":0,"href":"https:\/\/archive.sana.sy\/es\/index.php?rest_route=\/wp\/v2\/posts\/209228\/revisions"}],"wp:featuredmedia":[{"embeddable":true,"href":"https:\/\/archive.sana.sy\/es\/index.php?rest_route=\/wp\/v2\/media\/209231"}],"wp:attachment":[{"href":"https:\/\/archive.sana.sy\/es\/index.php?rest_route=%2Fwp%2Fv2%2Fmedia&parent=209228"}],"wp:term":[{"taxonomy":"category","embeddable":true,"href":"https:\/\/archive.sana.sy\/es\/index.php?rest_route=%2Fwp%2Fv2%2Fcategories&post=209228"},{"taxonomy":"post_tag","embeddable":true,"href":"https:\/\/archive.sana.sy\/es\/index.php?rest_route=%2Fwp%2Fv2%2Ftags&post=209228"}],"curies":[{"name":"wp","href":"https:\/\/api.w.org\/{rel}","templated":true}]}}