{"id":20933,"date":"2015-04-08T12:10:25","date_gmt":"2015-04-08T09:10:25","guid":{"rendered":"http:\/\/www.sana.sy\/es\/?p=20933"},"modified":"2015-04-08T15:26:14","modified_gmt":"2015-04-08T12:26:14","slug":"naumkin-plantea-los-puntos-claves-para-la-agenda-de-la-segunda-ronda-de-la-reunion-consultiva-de-moscu","status":"publish","type":"post","link":"https:\/\/archive.sana.sy\/es\/?p=20933","title":{"rendered":"Naumkin plantea los puntos claves para la agenda de la segunda ronda de la Reuni\u00f3n Consultiva de Mosc\u00fa"},"content":{"rendered":"<p><span style=\"color: #ff0000\">Mosc\u00fa, SANA<\/span><\/p>\n<p>El patrocinador de la Reuni\u00f3n Consultiva Preliminar en Mosc\u00fa, Vitaly Naumkin, ofreci\u00f3 los puntos claves de la agenda de la segunda ronda, y son de conformidad con lo acordado:<\/p>\n<p>1. Evaluar la situaci\u00f3n actual en Siria.<br \/>\n2. La posibilidad y el prop\u00f3sito de unificar las fuerzas nacionales del pa\u00eds de cara a los desaf\u00edos, incluido el terrorismo internacional.<br \/>\n3. Las medidas de crear la confianza entre el gobierno, las fuerzas de la oposici\u00f3n y las organizaciones de la sociedad civil.<br \/>\n4. Los fundamentos del proceso pol\u00edtico, incluidas las disposiciones de la Declaraci\u00f3n de Ginebra.<br \/>\n5. Los pasos que hay que hacer con el fin de avanzar hacia la reconciliaci\u00f3n nacional y la soluci\u00f3n de la crisis.<\/p>\n<p>Naumkin aclar\u00f3 que es natural que los participantes de la reuni\u00f3n lleguen a una agenda final.<\/p>\n<p>Asimismo, dio las gracias a los participantes por sus planteamientos sobre los resultados de la primera reuni\u00f3n y sus sugerencias acerca de la segunda reuni\u00f3n.<\/p>\n<p><span style=\"color: #00ccff\">Fady M., Hala B.<\/span><\/p>\n","protected":false},"excerpt":{"rendered":"<p>Mosc\u00fa, SANA El patrocinador de la Reuni\u00f3n Consultiva Preliminar en Mosc\u00fa, Vitaly Naumkin, ofreci\u00f3 los puntos claves de la agenda de la segunda ronda, y son de conformidad con lo acordado: 1. Evaluar la situaci\u00f3n actual en Siria. 2. La posibilidad y el prop\u00f3sito de unificar las fuerzas nacionales del pa\u00eds de cara a los &hellip;<\/p>\n","protected":false},"author":1,"featured_media":20934,"comment_status":"closed","ping_status":"closed","sticky":false,"template":"","format":"standard","meta":{"footnotes":""},"categories":[597,456,457,576],"tags":[4765],"class_list":["post-20933","post","type-post","status-publish","format-standard","has-post-thumbnail","","category-cinta-de-noticias","category-arabe-internacional-politica","category-noticias-arabe-internacional-politica","category-noticias-politicas","tag-naumkin-plantea-los-puntos-claves-para-la-agenda-de-la-segunda-ronda-de-la-reunion-consultiva-de-moscu"],"_links":{"self":[{"href":"https:\/\/archive.sana.sy\/es\/index.php?rest_route=\/wp\/v2\/posts\/20933"}],"collection":[{"href":"https:\/\/archive.sana.sy\/es\/index.php?rest_route=\/wp\/v2\/posts"}],"about":[{"href":"https:\/\/archive.sana.sy\/es\/index.php?rest_route=\/wp\/v2\/types\/post"}],"author":[{"embeddable":true,"href":"https:\/\/archive.sana.sy\/es\/index.php?rest_route=\/wp\/v2\/users\/1"}],"replies":[{"embeddable":true,"href":"https:\/\/archive.sana.sy\/es\/index.php?rest_route=%2Fwp%2Fv2%2Fcomments&post=20933"}],"version-history":[{"count":0,"href":"https:\/\/archive.sana.sy\/es\/index.php?rest_route=\/wp\/v2\/posts\/20933\/revisions"}],"wp:featuredmedia":[{"embeddable":true,"href":"https:\/\/archive.sana.sy\/es\/index.php?rest_route=\/wp\/v2\/media\/20934"}],"wp:attachment":[{"href":"https:\/\/archive.sana.sy\/es\/index.php?rest_route=%2Fwp%2Fv2%2Fmedia&parent=20933"}],"wp:term":[{"taxonomy":"category","embeddable":true,"href":"https:\/\/archive.sana.sy\/es\/index.php?rest_route=%2Fwp%2Fv2%2Fcategories&post=20933"},{"taxonomy":"post_tag","embeddable":true,"href":"https:\/\/archive.sana.sy\/es\/index.php?rest_route=%2Fwp%2Fv2%2Ftags&post=20933"}],"curies":[{"name":"wp","href":"https:\/\/api.w.org\/{rel}","templated":true}]}}