{"id":209377,"date":"2021-12-10T11:53:46","date_gmt":"2021-12-10T09:53:46","guid":{"rendered":"http:\/\/107.6.182.27\/es\/?p=209377"},"modified":"2023-01-10T15:13:24","modified_gmt":"2023-01-10T13:13:24","slug":"resumen-economico-semanal-5","status":"publish","type":"post","link":"https:\/\/archive.sana.sy\/es\/?p=209377","title":{"rendered":"Resumen econ\u00f3mico semanal"},"content":{"rendered":"<p style=\"text-align: justify;\"><span style=\"color: #800000;\"><strong>Damasco, 10 dic (SANA)<\/strong><\/span><\/p>\n<p style=\"text-align: justify;\"><span style=\"color: #0000ff;\"><strong>Consejo de Inversiones ofrece facilitaciones para implementar proyectos<\/strong><\/span><\/p>\n<p style=\"text-align: justify;\">En su sexta reuni\u00f3n ordinaria de este a\u00f1o, el Consejo Supremo de Inversiones, presidido por el primer ministro, Hussein Arnous, examin\u00f3 los pasos operativos de los proyectos de inversi\u00f3n que obtuvieron licencia de acuerdo con la Ley de Inversiones No. 18 de 2021.<\/p>\n<p style=\"text-align: justify;\">Los mencionados proyectos incluyen la generaci\u00f3n de electricidad mediante paneles solares, las energ\u00edas renovables, la fabricaci\u00f3n de medicamentos contra el c\u00e1ncer y la producci\u00f3n de materiales m\u00e9dicos.<\/p>\n<p style=\"text-align: justify;\">El Consejo subray\u00f3 la urgencia de proporcionar facilitaciones para superar todos los obst\u00e1culos ante la ejecuci\u00f3n de los referidos proyectos.<\/p>\n<p style=\"text-align: justify;\">Asimismo, examin\u00f3 las solicitudes para la inversi\u00f3n en varias esferas, entre ellas la industria de los fertilizantes agr\u00edcolas y org\u00e1nicos, la producci\u00f3n de disolventes, las materias primas plaguicidas y las pinturas, entre otros.<\/p>\n<p style=\"text-align: justify;\">En el mismo contexto, pidi\u00f3 a los ministerios que proporcionan datos sobre los proyectos prioritarios para presentarlos a los inversores y destac\u00f3 la necesidad de establecer un calendario para la ejecuci\u00f3n de los proyectos.<\/p>\n<p style=\"text-align: justify;\"><span style=\"color: #0000ff;\"><strong>Zona Franca sirio-jordana comienza a recibir solicitudes de inversores<\/strong><\/span><\/p>\n<p style=\"text-align: justify;\">La Zona Franca conjunta sirio-jordana que fue reabierta el d\u00eda 1 del mes en curso, comenz\u00f3 a recibir solicitudes de inversores en medio de un clima de inversi\u00f3n prometedor.<\/p>\n<p style=\"text-align: justify;\">El director general de la zona, Irfan Al-Khasawneh, elogi\u00f3 los esfuerzos conjuntos de las autoridades sirias y jordanas, que culminaron en la reanudaci\u00f3n de las actividades comerciales luego de una pausa de siete a\u00f1os.<\/p>\n<p style=\"text-align: justify;\">Al-Khasawneh explic\u00f3 que las obras de rehabilitaci\u00f3n duraron diez meses e incluyeron la instalaci\u00f3n de red de ordenadores, red el\u00e9ctrica, el mantenimiento de pesas y el suministro de agua, adem\u00e1s de la preparaci\u00f3n de puertas de embarque y enlace electr\u00f3nico entre las aduanas siria y jordana.<\/p>\n<p style=\"text-align: justify;\">Indic\u00f3 que los inversores comenzaron a rehabilitar sus instalaciones y se recibieron solicitudes de nuevos inversores.<\/p>\n<p style=\"text-align: justify;\">A su vez, el director de Relaciones P\u00fablicas y Medios de la Zona Franca, Nidal Al-Zoubi, dijo en una declaraci\u00f3n a SANA, que la reapertura de la zona franca conjunta facilitar\u00e1 el flujo de mercanc\u00edas importadas hacia Siria.<\/p>\n<p style=\"text-align: justify;\">El 1 de diciembre, Siria y Jordania anunciaron la reapertura de la zona franca conjunta y el reinicio de las actividades comerciales y econ\u00f3micas en la misma.<\/p>\n<p style=\"text-align: justify;\"><span style=\"color: #0000ff;\"><strong>Zona Industrial de Adra conectada de nuevo con la red ferroviaria nacional<\/strong><\/span><\/p>\n<p style=\"text-align: justify;\">La ciudad industrial de Adra, al nordeste de Damasco, recibi\u00f3 el primer tren cargado con 850 toneladas de hierro procedente de uno de los puertos sirios.<\/p>\n<p style=\"text-align: justify;\">Esto ocurre despu\u00e9s de 10 a\u00f1os de paro a consecuencia de los ataques terroristas, y tras completar los trabajos de conexi\u00f3n ferroviaria llevados a cabo por la Fundaci\u00f3n de los Ferrocarriles Sirios y la Compa\u00f1\u00eda General de Construcci\u00f3n de Ferrocarriles.<\/p>\n<p style=\"text-align: justify;\">Los trabajos incluyeron la reconstrucci\u00f3n de la l\u00ednea ferroviaria de 16 kil\u00f3metros desde la localidad de al-Dumayr a Adra, 5 kil\u00f3metros de la cual estaba completamente da\u00f1ados.<\/p>\n<p style=\"text-align: justify;\">El ministro de Transporte, Zuhair Khazim, destac\u00f3 la necesidad de conceder incentivos y recompensas a los trabajadores por la labor profesional que dio un resultado excelente de reinicio de esta importante l\u00ednea vital.<\/p>\n<p style=\"text-align: justify;\">Khazim destac\u00f3 la importancia del retorno del tr\u00e1fico de trenes hacia y desde la ciudad industrial en t\u00e9rminos de brindar m\u00e1s apoyo a los proyectos industriales y diversos tipos de servicio a las f\u00e1bricas e instalaciones establecidas en la zona antes mencionada.<\/p>\n<p style=\"text-align: justify;\"><span style=\"color: #0000ff;\"><strong>40 compa\u00f1\u00edas exhiben sus productos en la feria \u201cHecho en Siria\u201d (+fotos)<\/strong><\/span><\/p>\n<p style=\"text-align: justify;\">La 129\u00aa edici\u00f3n de la feria \u201cHecho en Siria\u201d arranc\u00f3 la en la ciudad de Zabadani, en Damasco-campo, con la participaci\u00f3n de 40 empresas locales especializadas en producci\u00f3n de alimentos, productos qu\u00edmicos, el\u00e9ctricos, ropa entre otros.<\/p>\n<p style=\"text-align: justify;\">El festival que durar\u00e1 hasta el d\u00eda 7 del actual mes, ofrece diferentes ofertas y descuentos hasta el 40%, as\u00ed como bonos de compra para las familiares de los m\u00e1rtires y los heridos.<\/p>\n<p style=\"text-align: justify;\">En una declaraci\u00f3n a los periodistas, el gobernador del Damasco-campo, Moataz Abu Al-Nasr Jamran, se\u00f1al\u00f3 que este evento est\u00e1 destinado a apoyar y servir al ciudadano en las circunstancias actuales.<\/p>\n<p style=\"text-align: justify;\">Indic\u00f3 que el ayuntamiento est\u00e1 dispuesto a brindar todo el apoyo a tales eventos destinados a las personas de bajos ingresos.<\/p>\n<p style=\"text-align: justify;\">Samer Al-Debs, presidente de la C\u00e1mara de Industria de Damasco y su campo, dijo que el mismo forma parte de una serie de festivales de compras celebrados en la provincia de Damasco y su campo durante siete a\u00f1os, y permite a todos los ciudadanos que se beneficien de las ofertas de los industriales.<\/p>\n<p style=\"text-align: justify;\">La feria \u201cHecho en Siria\u201d se celebra en la mayor\u00eda de las provincias sirias y se exhibe en la misma varios productos con descuentos del 30 al 40%.<\/p>\n<p style=\"text-align: justify;\"><span style=\"color: #0000ff;\"><strong>18 plantas de energ\u00eda solar en provincia de Sweida<\/strong><\/span><\/p>\n<p style=\"text-align: justify;\">El director general de la Compa\u00f1\u00eda Estatal de Electricidad de la provincia de Sweida, Nidal Nofal, inform\u00f3 que el n\u00famero total de plantas de energ\u00eda solar en la provincia, que ingresaron en fase de producci\u00f3n, ha llegado a 18 estaciones con una capacidad total de 2.230 kilovatios.<\/p>\n<p style=\"text-align: justify;\">EL titular indic\u00f3 que la Empresa brinda todas las facilidades a los inversionistas en este campo y promueve su implementaci\u00f3n en las distintas regiones de la provincia, dada la importancia de las energ\u00edas renovables y el valor a\u00f1adido que aporta.<\/p>\n<p style=\"text-align: justify;\"><span style=\"color: #0000ff;\"><strong>Siria recupera el turismo y espera alcanzar en siete a\u00f1os las cifras anteriores a la guerra<\/strong><\/span><\/p>\n<p style=\"text-align: justify;\">Siria parece estar dejando atr\u00e1s los a\u00f1os m\u00e1s duros de la guerra y est\u00e1 experimentado un cambio dr\u00e1stico en lo que a turismo se refiere. Ya hay numerosas solicitudes de grupos de turistas de pa\u00edses europeos que se han interesado en los \u00faltimos meses en visitar el pa\u00eds. As\u00ed lo confirma en una entrevista con THE OBJECTIVE el ministro de Turismo de Siria, Mohamed Rami Martini, que calcula que al pa\u00eds \u00e1rabe le llevar\u00e1 \u00abentre cinco y siete a\u00f1os\u00bb recuperar las cifras tur\u00edsticas que ten\u00eda en 2010, antes de la guerra.<\/p>\n<p style=\"text-align: justify;\">En 2010, antes de la guerra, m\u00e1s de seis millones de turistas visitaron Siria, lo que gener\u00f3 ingresos tur\u00edsticos estimados de m\u00e1s de 5.000 millones de d\u00f3lares. En lo que va de 2021, unas 488.000 personas han visitado el pa\u00eds, lo que se traduce en unos ingresos de 8,5 millones de euros para las arcas sirias. Una cifra irrisoria si se compara con las \u00e9pocas de bonanza preguerra pero que sin duda es un avance brutal respecto a los a\u00f1os m\u00e1s duros del conflicto, como 2015, cuando el turismo hab\u00eda disminuido m\u00e1s de un 90%.<\/p>\n<p style=\"text-align: justify;\">La d\u00e9cada de guerra y crisis le ha pasado factura a Siria, pero la posguerra tampoco est\u00e1 siendo un jard\u00edn de rosas. Todav\u00eda quedan algunos reductos del pa\u00eds controlados por los yihadistas, Turqu\u00eda y Estados Unidos ocupan ilegalmente una parte del territorio sirio y no est\u00e1n dispuestos a abandonarlo, las sanciones internacionales no cesan y la devaluaci\u00f3n de la lira siria alcanza cifras impensables. Tampoco ayuda que el vecino L\u00edbano, de donde ven\u00edan algunos sueldos sirios, pase por una crisis econ\u00f3mica de grandes proporciones.<\/p>\n<p style=\"text-align: justify;\">Para el ministro de Turismo sirio, las cifras tur\u00edsticas se est\u00e1n recuperando lentamente y \u00aba pesar de las sanciones internacionales\u00bb impuestas contra Damasco en 2011 por EEUU y la Uni\u00f3n Europea. \u00abNo se puede pensar en tener los mismos n\u00fameros de 2010 de manera inmediata, nos llevar\u00e1 de cinco a siete a\u00f1os recuperar esas cifras\u00bb.<\/p>\n<p style=\"text-align: justify;\">Estas sanciones incluyen un embargo de petr\u00f3leo, restricciones a la inversi\u00f3n y un congelamiento de los activos del Banco Central de Siria en la UE, as\u00ed como restricciones a la exportaci\u00f3n de equipos y tecnolog\u00eda. El propio ministro est\u00e1 en la lista de personas sancionadas por Bruselas, tal y como figura en el documento elaborado por la Comisi\u00f3n Europea. Ha podido entrar en Espa\u00f1a gracias a que iba a participar en la Asamblea General de la Organizaci\u00f3n Mundial del Turismo (OMT) que ha acogido Madrid.<\/p>\n<p style=\"text-align: justify;\">\u00abLas sanciones internacionales est\u00e1n afectando al turismo, porque no hay vuelos directos de pa\u00edses europeos a Siria\u00bb, dice el ministro Martini. \u00abNo obstante, tenemos buenas relaciones con los turoperadores y hemos recibido turistas de Noruega, Espa\u00f1a, Alemania, Canad\u00e1 o Italia, por ejemplo, y esperamos que 2022 sea un a\u00f1o mejor para el turismo\u00bb. Los turistas tienes que llegar a Siria v\u00eda L\u00edbano y cruzar la frontera terrestre.<\/p>\n<p style=\"text-align: justify;\">Este pol\u00edtico sirio, que asumi\u00f3 la cartera de Turismo en 2018, defiende que es seguro viajar a Siria. \u00abA partir de 2019 nuestros valientes soldados liberaron del terrorismo el 80% del territorio sirio y comenzamos a reconstruir las infraestructuras destruidas por los yihadistas. Ahora mismo es seguro viajar a Siria, visitar los sitios arqueol\u00f3gicos, disfrutar de la playa, de la comida y del ocio nocturno, a pesar de las sanciones internacionales\u00bb.<\/p>\n<p style=\"text-align: justify;\">No obstante, la realidad es que todav\u00eda hay algunas zonas inseguras en el norte de Siria, donde operan algunos grupos terroristas, y que est\u00e1n ocupadas ilegalmente por Turqu\u00eda. \u00abYo no le puedo recomendar a ning\u00fan turista que vaya a esas zonas\u00bb, asegura el ministro, \u00abpero estoy convencido de que muy pronto se va a poder visitar Idlib y el norte de Siria gracias al heroico trabajo de los soldados, del Gobierno sirio y de pa\u00edses aliados\u00bb.<\/p>\n<p style=\"text-align: justify;\">Esta zona del norte del pa\u00eds, cercana a Idlib, es una regi\u00f3n que cuenta con numerosos yacimientos arqueol\u00f3gicos y en la que ya se han denunciado casos de que los terroristas est\u00e1n robando piezas de arte y vendi\u00e9ndolas fuera del pa\u00eds.<\/p>\n<p style=\"text-align: justify;\"><strong>Reconstrucci\u00f3n del patrimonio<\/strong><\/p>\n<p style=\"text-align: justify;\">Seg\u00fan la Unesco , cinco de los seis sitios del Patrimonio Mundial de Siria se han visto afectados por la guerra. Ic\u00f3nicas son ya las im\u00e1genes de Palmira destruida por los terroristas.<\/p>\n<p style=\"text-align: justify;\">Para el ministro Martini, una de las prioridades del Gobierno sirio es reconstruir ese patrimonio para atraer a los turistas. \u00abEstamos reconstruyendo el patrimonio destruido por los terrorista de Al Nusra y para ello contamos con ayuda extranjera, que trabaja bajo al supervisi\u00f3n del Gobierno Sirio y bajo est\u00e1ndares de Unesco\u00bb.<\/p>\n<p style=\"text-align: justify;\">La propia familia del ministro ostentaba varios hoteles en Alepo, que durante a\u00f1os fueron ocupados y destruidos por los terroristas. Ahora, han conseguido reconstruir parte de ellos y ya est\u00e1n operativos en la segunda ciudad m\u00e1s importante del pa\u00eds.<\/p>\n<p style=\"text-align: justify;\">En Siria hay m\u00e1s de 10.000 sitios arqueol\u00f3gicos, y antes de la guerra, cerca de un centenar de misiones extranjeras, entre ellas una decena de espa\u00f1olas, trabajaban en las excavaciones. Ahora, la historia de estas misiones arqueol\u00f3gicas internacionales es parte del pasado del pa\u00eds, y qui\u00e9n sabe si alg\u00fan d\u00eda volver\u00e1 a formar parte del presente de Siria.<\/p>\n<p style=\"text-align: justify;\">A pesar de ello, en medio de la guerra, siempre hay espacio para algunas historias bonitas, como la de Maarat Al-Nouman, el peque\u00f1o pueblo de Idlib que logr\u00f3 salvar su patrimonio escondi\u00e9ndolo de los terroristas bajo tierra y que nosotros tuvimos ocasi\u00f3n de visitar en febrero de 2020, apenas una semana despu\u00e9s de ser liberado de los yihadistas.<\/p>\n<p style=\"text-align: justify;\"><span style=\"color: #0000ff;\"><strong>ACSAD celebra conferencia virtual sobre gesti\u00f3n sostenible de los recursos terrestres<\/strong><\/span><\/p>\n<p style=\"text-align: justify;\">Con motivo del D\u00eda Mundial del Suelo, el Centro \u00c1rabe para el Estudio de las Tierras \u00c1ridas y Secas (ACSAD, por sus siglas en ingl\u00e9s) acogi\u00f3 la primera Conferencia Cient\u00edfica Virtual \u00c1rabe sobre Recursos Terrestres Sostenibles y Consumo de Agua con la participaci\u00f3n de 16 pa\u00edses \u00e1rabes.<\/p>\n<p style=\"text-align: justify;\">En la conferencia, el ministro de Agricultura y Reforma Agraria Mohammad Qatna, destac\u00f3 la necesidad de formular una estrategia nacional para la gesti\u00f3n de los recursos naturales, la aplicaci\u00f3n de los resultados de la investigaci\u00f3n cient\u00edfica y el intercambio de resultados de las iniciativas exitosas.<\/p>\n<p style=\"text-align: justify;\">En una declaraci\u00f3n a los periodistas, Qatana destac\u00f3 la necesidad de desarrollar los estudios cient\u00edficos como parte de una estrategia \u00e1rabe de gesti\u00f3n de recursos para hacer frente a los desaf\u00edos y cooperar para lograr la seguridad alimentaria.<\/p>\n<p style=\"text-align: justify;\">Asimismo, Nasruddin al-Obaid, Director General de ACSAD, explic\u00f3 que a la conferencia asistir\u00e1n m\u00e1s de 200 expertos, cient\u00edficos, investigadores y funcionarios de pa\u00edses \u00e1rabes.<\/p>\n<p style=\"text-align: justify;\">Por su parte, Ahmad Saleh Mehimid, Director de Gesti\u00f3n de Tierras y Aguas de ACSAD, explic\u00f3 c\u00f3mo la conferencia aumentar\u00eda la productividad de los recursos agr\u00edcolas aplicando los principios de la gesti\u00f3n sostenible.<\/p>\n<p style=\"text-align: justify;\"><span style=\"color: #0000ff;\"><strong>Siria y Abjasia abordan posibilidades de cooperaci\u00f3n agr\u00edcola<\/strong><\/span><\/p>\n<p style=\"text-align: justify;\">El ministro de Agricultura y Reforma Agraria, Mohamed Hassan Qatna, debati\u00f3 con el embajador abjasio en Damasco, Khotaba Bagrat Rachovich, las formas de desarrollar las relaciones entre los dos pa\u00edses en el campo del intercambio comercial y la exportaci\u00f3n de productos agr\u00edcolas.<\/p>\n<p style=\"text-align: justify;\">El ministro Qatna destac\u00f3 la necesidad de elaborar un programa de cooperaci\u00f3n cient\u00edfica y t\u00e9cnica como base para determinar los productos exportables y sus cantidades y especificaciones, y subray\u00f3 la voluntad del gobierno para facilitar todos los procedimientos posibles entre comerciantes y empresarios en Siria y Abjasia.<\/p>\n<p style=\"text-align: justify;\">Por su parte, el Embajador abjasio expres\u00f3 la disposici\u00f3n de su pa\u00eds de establecer una l\u00ednea mar\u00edtima entre los dos pa\u00edses para acelerar la llegada de productos sirios a los puertos de Abjasia y facilitar su paso a Rusia y sus pa\u00edses vecinos.<\/p>\n<p style=\"text-align: justify;\">Adem\u00e1s, manifest\u00f3 la disposici\u00f3n para establecer dos puntos comerciales en Abjasia y Siria para el envasado de hortalizas y frutas, y contribuir a la celebraci\u00f3n de reuniones de empresarios entre los dos pa\u00edses en presencia de agencias gubernamentales para activar los convenios sobre el terreno.<\/p>\n<p style=\"text-align: justify;\">El embajador Khotaba solicit\u00f3 una lista de productos agr\u00edcolas sirios destinados a la exportaci\u00f3n, sus cantidades y leyes de cuarentena agr\u00edcola en Siria.<\/p>\n<p style=\"text-align: justify;\">Las dos partes discutieron tambi\u00e9n la posibilidad de establecer una f\u00e1brica para procesar y reciclar madera y otra para secar frutas en Siria, y las condiciones necesarias para importar madera y medios del transporte de mercanc\u00edas.<\/p>\n<p style=\"text-align: justify;\">Despu\u00e9s de la reuni\u00f3n, el embajador abjasio visit\u00f3 la secci\u00f3n en el que se vend\u00edan productos de familias rurales en Damasco y fue informado sobre diversos productos y materiales de fabricaci\u00f3n local.<\/p>\n<p style=\"text-align: justify;\"><span style=\"color: #0000ff;\"><strong>A pesar de la devastadora guerra, Siria cuenta con 137 mil plantas industriales y artesanales<\/strong><\/span><\/p>\n<p style=\"text-align: justify;\">El ministro de Industria, Ziad Sabbagh, revel\u00f3 que el sector industrial fue blanco de mucha destrucci\u00f3n durante la guerra y que los da\u00f1os en los sectores p\u00fablico y privado se estiman en m\u00e1s en un bill\u00f3n 69 mil millones de libras sirias. (Un d\u00f3lar actualmente equivale a 2500 libras)<\/p>\n<p style=\"text-align: justify;\">Durante una conferencia de prensa, el ministro Sabbagh agreg\u00f3 que las plantas industriales y artesanales del sector privado ascienden a 137 mil, de los cuales 87 mil est\u00e1n en funcionamiento y 50 mil est\u00e1n paradas.<\/p>\n<p style=\"text-align: justify;\">Sabbagh se\u00f1al\u00f3 que el volumen de producci\u00f3n real alcanz\u00f3 los 658 mil millones de libras sirias hasta finales de septiembre pasado, mientras que las ventas reales ascendieron a 644 mil millones.<\/p>\n<p style=\"text-align: justify;\">\u201cEl n\u00famero de instalaciones industriales licenciadas en virtud de la Ley No. 21 durante el tercer trimestre de este a\u00f1o ascendi\u00f3 a 923, de las cuales 291 fueron implementadas\u201d, explic\u00f3 el titular.<\/p>\n<p style=\"text-align: justify;\">Asimismo, indic\u00f3 que la Compa\u00f1\u00eda Farmac\u00e9utica THAMICO produce con el 80 por ciento de su capacidad tras ser rehabilitada de los da\u00f1os que sufri\u00f3 a manos de los terroristas.<\/p>\n<p style=\"text-align: justify;\">Aludi\u00f3 a acuerdos firmados con la parte iran\u00ed para reponer en funcionamiento a las instalaciones afectadas por el terrorismo y las f\u00e1bricas que dejaron de producir.<\/p>\n<p style=\"text-align: justify;\"><span style=\"color: #0000ff;\"><strong>50 empresas participar\u00e1n en el Foro de Negocios sirio-iraqu\u00ed el pr\u00f3ximo domingo<\/strong><\/span><\/p>\n<p style=\"text-align: justify;\">Con la participaci\u00f3n de m\u00e1s de 50 compa\u00f1\u00edas y varios empresarios de Siria e Irak se inaugurar\u00e1 el pr\u00f3ximo domingo el Foro de Negocios sirio-iraqu\u00ed en la capital siria Damasco.<\/p>\n<p style=\"text-align: justify;\">Las empresas abarcan diferentes sectores, incluidos el textil, alimentario, energ\u00e9tico, petrolero, de cargo, y m\u00e9dico.<\/p>\n<p style=\"text-align: justify;\">Este evento que durar\u00e1 hasta el 15 del mes en curso tendr\u00e1 lugar en paralelo con la primera edici\u00f3n de la Exposici\u00f3n de Exportaciones en la ciudad ferial de Damasco.<\/p>\n<p style=\"text-align: justify;\">La agenda del foro contempla la celebraci\u00f3n de reuniones conjuntas, seminarios y visitas de trabajo in situ para conocer de cerca el mercado sirio y las oportunidades para aumentar el intercambio comercial entre las dos partes.<\/p>\n<p style=\"text-align: justify;\"><span style=\"color: #0000ff;\"><strong>Siria y Rusia abordan cooperaci\u00f3n econ\u00f3mica<\/strong><\/span><\/p>\n<p style=\"text-align: justify;\">El ministro de Econom\u00eda y Comercio Exterior, Muhammad Samer Al-Khalil, se reuni\u00f3 con el director del Instituto de Investigaci\u00f3n para la Econom\u00eda Mundial y Pol\u00edticas Internacionales en Rusia. en los desaf\u00edos que enfrenta el Econom\u00eda siria.<\/p>\n<p style=\"text-align: justify;\">La reuni\u00f3n abord\u00f3 los desaf\u00edos que enfrenta la econom\u00eda siria debido a la guerra y las medidas coercitivas unilaterales impuestas al pa\u00eds, as\u00ed como el desarrollo de las relaciones econ\u00f3micas sirio-rusas.<\/p>\n<p style=\"text-align: justify;\">El ministro Al-Khalil destac\u00f3 importancia de los centros de investigaci\u00f3n para mejorar la cooperaci\u00f3n conjunta entre los dos pa\u00edses al estar al sobre la realidad econ\u00f3mica en Siria y conocer las \u00e1reas de inversi\u00f3n disponibles.<\/p>\n<p style=\"text-align: justify;\">Por su parte, el funcionario ruso explic\u00f3 que el instituto es uno de los centros importantes de la Federaci\u00f3n de Rusia y brinda estudios y opiniones a las autoridades relevantes y al sector empresarial en Rusia.<\/p>\n<p style=\"text-align: justify;\">En otra parte de sus declaraciones, recalc\u00f3 la necesidad de fortalecer las relaciones de inversi\u00f3n y comerciales entre los dos pa\u00edses.<\/p>\n<p style=\"text-align: justify;\"><span style=\"color: #0000ff;\"><strong>Rehabilitan el 50% de la l\u00ednea de interconexi\u00f3n el\u00e9ctrica entre Siria y Jordania<\/strong><\/span><\/p>\n<p style=\"text-align: justify;\">Los equipos de mantenimiento del Ministerio de Electricidad siguen trabajando en la rehabilitaci\u00f3n de la l\u00ednea de interconexi\u00f3n el\u00e9ctrica con Jordania.<\/p>\n<p style=\"text-align: justify;\">Los trabajadores hacen doble esfuerzo para concluir las obras antes de finales de a\u00f1o con el fin de suministrar a L\u00edbano con parte de sus necesidades de energ\u00eda el\u00e9ctrica procedente de Jordania, en virtud del acuerdo firmado entre los tres pa\u00edses el d\u00eda 6 de octubre \u00faltimo.<\/p>\n<p style=\"text-align: justify;\">En una declaraci\u00f3n a SANA, el ministro de Electricidad, Ghassan al-Zamil, explic\u00f3 que la l\u00ednea conecta las dos estaciones de \u201cNorth Amman\u201d y \u201cDeir Ali\u201d, y la tasa de ejecuci\u00f3n ascendi\u00f3 a m\u00e1s del 50 por ciento y se prev\u00e9 terminar el trabajo antes de finalizar el a\u00f1o.<\/p>\n<p style=\"text-align: justify;\">\u201cLa l\u00ednea sufri\u00f3 da\u00f1os considerables durante los a\u00f1os de guerra y su reparaci\u00f3n contribuir\u00eda a mantener la estabilidad del sistema el\u00e9ctrico\u201d, aclar\u00f3.<\/p>\n<p style=\"text-align: justify;\">La longitud de la l\u00ednea de interconexi\u00f3n el\u00e9ctrica sirio-jordana es de 144 km, y los trabajos de mantenimiento se efect\u00faan en el tramo de 87,5 km dentro del territorio sirio, seg\u00fan afirma el director de la Empresa Estatal Siria de Transmisi\u00f3n y Distribuci\u00f3n de Electricidad, el Ing. Fawaz Al-Zaher.<\/p>\n<p style=\"text-align: justify;\">Estim\u00f3 el valor de los da\u00f1os en la l\u00ednea en unos cinco millones y medio de euros, y el n\u00famero de torres da\u00f1adas de 251, de las cuales 160 fueron reparadas.<\/p>\n<p style=\"text-align: justify;\"><span style=\"color: #0000ff;\"><strong>Se reanuda el trabajo en el terminal de contenedores del puerto de Latakia tras la agresi\u00f3n israel\u00ed<\/strong><\/span><\/p>\n<p style=\"text-align: justify;\">Se reanud\u00f3 el trabajo en el puerto de Latakia despu\u00e9s de eliminar los da\u00f1os causados por la brutal agresi\u00f3n que se produjo esta madrugada contra su terminal de contenedores.<\/p>\n<p style=\"text-align: justify;\">El Ministerio de Transporte declar\u00f3 en su p\u00e1gina oficial que la administraci\u00f3n portuaria, en cooperaci\u00f3n y coordinaci\u00f3n con la gobernaci\u00f3n de Latakia, la Defensa Civil y las autoridades competentes, procedieron a apagar los incendios, limpiar los sitios afectados e inspeccionar el buen estado de los equipos y la maquinaria pesada del puerto.<\/p>\n<p style=\"text-align: justify;\">\u201cTodos los cuadros y trabajadores se encuentran bien, y los da\u00f1os se limitaron a materiales\u201d, asegur\u00f3 la administraci\u00f3n portuaria.<\/p>\n<p style=\"text-align: justify;\">Es de recordar que el ente ocupante israel\u00ed lanz\u00f3 esta ma\u00f1ana una agresi\u00f3n con misiles contra el terminal de contenedores del puerto de Latakia, lo que caus\u00f3 incendios en varios contenedores.<\/p>\n<p style=\"text-align: justify;\"><span style=\"color: #0000ff;\"><strong>Profesor sirio recibe reconocimiento de la Academia Nacional de Ciencias de Ucrania<\/strong><\/span><\/p>\n<p style=\"text-align: justify;\">El profesor sirio Ali Al-Amouri recibi\u00f3 un certificado de honor de la Academia Nacional de Ciencias de Ucrania en reconocimiento a su dedicado trabajo con la juventud ucraniana en el campo de la tecnolog\u00eda y seguridad de la informaci\u00f3n, y la programaci\u00f3n.<\/p>\n<p style=\"text-align: justify;\">En declaraciones a la agencia SANA, Dr. Al-Amouri expres\u00f3 su confianza en que Siria seguir\u00e1 presente de forma destacada en todas las instancias y foros cient\u00edficos.<\/p>\n<p style=\"text-align: justify;\">Dr. Al-Amouri naci\u00f3 en Homs 1966, y actualmente ocupa el cargo de jefe del Departamento de An\u00e1lisis de la Informaci\u00f3n y Seguridad de la Informaci\u00f3n en la Academia de Ciencias de la Juventud de Ucrania.<\/p>\n<p style=\"text-align: justify;\">Recibi\u00f3 el t\u00edtulo de Profesor de la Universidad Nacional de Transporte, as\u00ed como fund\u00f3 una revista cient\u00edfica y es autor de muchas investigaciones cient\u00edficas, y su nombre est\u00e1 en la lista de innovadores de las ciencias nacionales de Ucrania.<\/p>\n<p style=\"text-align: justify;\"><strong><span style=\"color: #0000ff;\">\u00bfSab\u00edas qu\u00e9\u2026? Siria logr\u00f3 reconstruir 16 f\u00e1bricas industriales estatales<\/span><\/strong><\/p>\n<p style=\"text-align: justify;\">Sab\u00edas que Siria logr\u00f3 reconstruir 16 f\u00e1bricas industriales estatales y que el sector industrial p\u00fablico recuper\u00f3 el 80 por ciento de su capacidad de producci\u00f3n real.<\/p>\n<p style=\"text-align: justify;\">Este a\u00f1o, 523 plantas industriales del sector privado entraron en fase de producci\u00f3n desde principios hasta el tercer trimestre de este a\u00f1o, y tambi\u00e9n se concedieron licencias para construir 923 establecimientos industriales, lo cual demuestra la efectividad de las facilidades y exenciones que ofrece el gobierno a quienes deseen invertir.<\/p>\n<p style=\"text-align: justify;\"><span style=\"color: #0000ff;\"><strong>Siria y Cuba abogan por fortalecer lazos econ\u00f3micos<\/strong><\/span><\/p>\n<p style=\"text-align: justify;\">El ministro cubano de Comercio Exterior e Inversi\u00f3n Extranjera, Rodrigo Malmierca, examin\u00f3 con el embajador de Siria en La Habana, Idris Maya, las v\u00edas para fortalecer las relaciones econ\u00f3micas entre los dos pa\u00edses y las oportunidades disponibles para su desarrollo, especialmente en el \u00e1mbito del intercambio comercial.<\/p>\n<p style=\"text-align: justify;\">Durante una reuni\u00f3n celebrada en la sede del Ministerio de Comercio Exterior en la capital La Habana, los dos partes revisaron las relaciones bilaterales, y enfatizaron la necesidad de impulsar las relaciones econ\u00f3micas y elevarlas al nivel de relaciones pol\u00edticas.<\/p>\n<p style=\"text-align: justify;\"><span style=\"color: #0000ff;\"><strong>Un taller de costura en al-Nabek dentro del programa Buzur para dar apoyo a los peque\u00f1os proyectos<\/strong><\/span><\/p>\n<p style=\"text-align: justify;\">La Uni\u00f3n de la Juventud Revolucionaria, en cooperaci\u00f3n con el Ministerio de Educaci\u00f3n, inaugur\u00f3 un taller de costura en la ciudad de al-Nabek, como parte del Programa Buzur que tiene como objetivo dar empleo a los lugare\u00f1os que estudian en educaci\u00f3n vocacional y, tambi\u00e9n empoderar a las familias de los m\u00e1rtires y heridos.<\/p>\n<p style=\"text-align: justify;\">El programa apunta, seg\u00fan sus organizadores, a emplear ideas creativas para reactivar la producci\u00f3n en los entornos locales, e emplear al mayor n\u00famero posible de familias rurales, asegur\u00e1ndoles un buen ingreso y a la vez satisfacer las necesidades del mercado frente al bloqueo econ\u00f3mico impuesto a Siria.<\/p>\n<p style=\"text-align: justify;\">El taller incluye 26 m\u00e1quinas de coser el\u00e9ctricas y actualmente est\u00e1 trabajando en un s\u00f3lo turno, y se planea aumentar los turnos para emplear a m\u00e1s mujeres, como explic\u00f3 el secretario de la Uni\u00f3n de la Juventud Revolucionaria, Ali al-Abbas, en una declaraci\u00f3n al reportero de SANA.<\/p>\n<p style=\"text-align: justify;\">El mes pasado, la organizaci\u00f3n lanz\u00f3 un taller de costura en Deir Ezzor, seg\u00fan al-Abbas, quien afirm\u00f3 que se lanzar\u00e1n varios proyectos para abarcar a todas las provincias a fin de crear nuevas oportunidades laborales.<\/p>\n<p style=\"text-align: justify;\">A su vez, el ministro de Educaci\u00f3n, Darem Tabbaa, confirm\u00f3 que el taller brinda capacitaci\u00f3n a j\u00f3venes estudiantes y graduados de educaci\u00f3n vocacional para que puedan poner en marcha sus propios proyectos, especialmente las mujeres.<\/p>\n<p style=\"text-align: justify;\"><span style=\"color: #0000ff;\"><strong>Siria y FAO examinan v\u00edas de cooperaci\u00f3n conjunta<\/strong><\/span><\/p>\n<p style=\"text-align: justify;\">El ministro de Asuntos Sociales y Trabajo de Siria, Muhammad Seif El-Din, examin\u00f3 con el representante de la Organizaci\u00f3n de las Naciones Unidas para la Agricultura y la Alimentaci\u00f3n (FAO) en Siria, John Francis O\u2019Brien, las relaciones de cooperaci\u00f3n existentes y las formas de fortalecerlas.<\/p>\n<p style=\"text-align: justify;\">El titular sirio indic\u00f3 que la FAO es un socio importante y apoya el trabajo del Ministerio, y revel\u00f3 que existen planes para evaluar el trabajo de los equipos t\u00e9cnicos, intercambiar experiencias y potenciar los programas y servicios que brinda el Programa Mundial de Alimentos.<\/p>\n<p style=\"text-align: justify;\">Por su parte, O\u2019Brien expres\u00f3 la disposici\u00f3n de la Organizaci\u00f3n para brindar apoyo y mejorar la cooperaci\u00f3n con Siria en los diferentes campos.<\/p>\n<p style=\"text-align: justify;\"><span style=\"color: #000000;\"><em><strong>Equipo de traductores y redactores de SANA en espa\u00f1ol<\/strong><\/em><\/span><\/p>\n","protected":false},"excerpt":{"rendered":"<p>Damasco, 10 dic (SANA) Consejo de Inversiones ofrece facilitaciones para implementar proyectos En su sexta reuni\u00f3n ordinaria de este a\u00f1o, el Consejo Supremo de Inversiones, presidido por el primer ministro, Hussein Arnous, examin\u00f3 los pasos operativos de los proyectos de inversi\u00f3n que obtuvieron licencia de acuerdo con la Ley de Inversiones No. 18 de 2021. &hellip;<\/p>\n","protected":false},"author":30,"featured_media":209378,"comment_status":"closed","ping_status":"closed","sticky":false,"template":"","format":"standard","meta":{"footnotes":""},"categories":[597,16686,485,583],"tags":[],"class_list":["post-209377","post","type-post","status-publish","format-standard","has-post-thumbnail","","category-cinta-de-noticias","category-economia","category-informes-negocios-y-finanzas","category-slide"],"_links":{"self":[{"href":"https:\/\/archive.sana.sy\/es\/index.php?rest_route=\/wp\/v2\/posts\/209377"}],"collection":[{"href":"https:\/\/archive.sana.sy\/es\/index.php?rest_route=\/wp\/v2\/posts"}],"about":[{"href":"https:\/\/archive.sana.sy\/es\/index.php?rest_route=\/wp\/v2\/types\/post"}],"author":[{"embeddable":true,"href":"https:\/\/archive.sana.sy\/es\/index.php?rest_route=\/wp\/v2\/users\/30"}],"replies":[{"embeddable":true,"href":"https:\/\/archive.sana.sy\/es\/index.php?rest_route=%2Fwp%2Fv2%2Fcomments&post=209377"}],"version-history":[{"count":0,"href":"https:\/\/archive.sana.sy\/es\/index.php?rest_route=\/wp\/v2\/posts\/209377\/revisions"}],"wp:featuredmedia":[{"embeddable":true,"href":"https:\/\/archive.sana.sy\/es\/index.php?rest_route=\/wp\/v2\/media\/209378"}],"wp:attachment":[{"href":"https:\/\/archive.sana.sy\/es\/index.php?rest_route=%2Fwp%2Fv2%2Fmedia&parent=209377"}],"wp:term":[{"taxonomy":"category","embeddable":true,"href":"https:\/\/archive.sana.sy\/es\/index.php?rest_route=%2Fwp%2Fv2%2Fcategories&post=209377"},{"taxonomy":"post_tag","embeddable":true,"href":"https:\/\/archive.sana.sy\/es\/index.php?rest_route=%2Fwp%2Fv2%2Ftags&post=209377"}],"curies":[{"name":"wp","href":"https:\/\/api.w.org\/{rel}","templated":true}]}}